{"id":5409,"date":"2026-01-29T07:26:03","date_gmt":"2026-01-29T12:26:03","guid":{"rendered":"https:\/\/www.enecon.net.co\/web\/?p=5409"},"modified":"2026-01-29T07:27:56","modified_gmt":"2026-01-29T12:27:56","slug":"volvemos-retoyes-2026-poda-y-mantenimiento-forestal","status":"publish","type":"post","link":"https:\/\/www.enecon.net.co\/web\/volvemos-retoyes-2026-poda-y-mantenimiento-forestal\/","title":{"rendered":"Volvemos #RetoYES 2026 \u2013 Poda y Mantenimiento Forestal"},"content":{"rendered":"\n<h3 class=\"wp-block-heading has-large-font-size\"><strong>#RetoYES 2026 crece + contigo<\/strong><\/h3>\n\n\n\n<figure class=\"wp-block-image size-large\"><img loading=\"lazy\" decoding=\"async\" width=\"1024\" height=\"550\" src=\"https:\/\/www.enecon.net.co\/web\/wp-content\/uploads\/2026\/01\/banner-02-21-1024x550.jpg\" alt=\"\" class=\"wp-image-5410\" srcset=\"https:\/\/www.enecon.net.co\/web\/wp-content\/uploads\/2026\/01\/banner-02-21-1024x550.jpg 1024w, https:\/\/www.enecon.net.co\/web\/wp-content\/uploads\/2026\/01\/banner-02-21-300x161.jpg 300w, https:\/\/www.enecon.net.co\/web\/wp-content\/uploads\/2026\/01\/banner-02-21-768x412.jpg 768w, https:\/\/www.enecon.net.co\/web\/wp-content\/uploads\/2026\/01\/banner-02-21.jpg 1201w\" sizes=\"auto, (max-width: 1024px) 100vw, 1024px\" \/><\/figure>\n\n\n\n<h3 class=\"wp-block-heading\"><\/h3>\n\n\n\n<p>Volvemos con el <strong>#RetoYES 2026<\/strong>, una apuesta que sigue creciendo y que este a\u00f1o se fortalece para cuidar mejor a quienes hacen posible que la energ\u00eda siga fluyendo por todo el pa\u00eds. <strong>Este blog y este reto est\u00e1n dirigidos exclusivamente a los equipos de Poda y Mantenimiento Forestal<\/strong>, porque entendemos los riesgos, exigencias y responsabilidades \u00fanicas de su labor en campo.<\/p>\n\n\n\n<p>En <strong>Poda y Mantenimiento Forestal<\/strong>, el reto no solo regresa: <strong>evoluciona<\/strong>, se ampl\u00eda y se conecta a\u00fan m\u00e1s con la realidad del trabajo en campo.Este 2026, el #RetoYES dio un paso adelante para ampliar la <strong>cultura del cuidado<\/strong>. Adem\u00e1s del reto central en Mantenimiento Forestal, incorporamos <strong>cuatro nuevas estrategias<\/strong> que buscan identificar riesgos, reforzar buenas pr\u00e1cticas, acompa\u00f1ar a los l\u00edderes y dejar herramientas claras y accesibles para todos.<\/p>\n\n\n\n<p><strong>\u00bfPor qu\u00e9 este #RetoYES es especial para Mantenimiento Forestal?<\/strong><\/p>\n\n\n\n<p><\/p>\n\n\n\n<div class=\"wp-block-columns is-layout-flex wp-container-core-columns-is-layout-9d6595d7 wp-block-columns-is-layout-flex\">\n<div class=\"wp-block-column is-layout-flow wp-block-column-is-layout-flow\"><div class=\"wp-block-image\">\n<figure class=\"aligncenter size-full is-resized\"><img loading=\"lazy\" decoding=\"async\" width=\"190\" height=\"190\" src=\"https:\/\/www.enecon.net.co\/web\/wp-content\/uploads\/2026\/01\/Porque-su-trabajo-exige-esfuerzo.png\" alt=\"\" class=\"wp-image-5415\" style=\"width:203px;height:auto\" srcset=\"https:\/\/www.enecon.net.co\/web\/wp-content\/uploads\/2026\/01\/Porque-su-trabajo-exige-esfuerzo.png 190w, https:\/\/www.enecon.net.co\/web\/wp-content\/uploads\/2026\/01\/Porque-su-trabajo-exige-esfuerzo-150x150.png 150w\" sizes=\"auto, (max-width: 190px) 100vw, 190px\" \/><\/figure>\n<\/div>\n\n\n<p class=\"has-text-align-center\">Porque su trabajo exige <strong>esfuerzo, compromiso y precisi\u00f3n<\/strong> en cada jornada.<\/p>\n\n\n\n<p class=\"has-text-align-center\"><\/p>\n\n\n\n<p class=\"has-text-align-center\"><\/p>\n<\/div>\n\n\n\n<div class=\"wp-block-column is-layout-flow wp-block-column-is-layout-flow\"><div class=\"wp-block-image\">\n<figure class=\"aligncenter size-full\"><img loading=\"lazy\" decoding=\"async\" width=\"190\" height=\"190\" src=\"https:\/\/www.enecon.net.co\/web\/wp-content\/uploads\/2026\/01\/merecen-formacion-acompanamiento.png\" alt=\"\" class=\"wp-image-5416\" srcset=\"https:\/\/www.enecon.net.co\/web\/wp-content\/uploads\/2026\/01\/merecen-formacion-acompanamiento.png 190w, https:\/\/www.enecon.net.co\/web\/wp-content\/uploads\/2026\/01\/merecen-formacion-acompanamiento-150x150.png 150w\" sizes=\"auto, (max-width: 190px) 100vw, 190px\" \/><\/figure>\n<\/div>\n\n\n<p class=\"has-text-align-center\">Porque merecen <strong>formaci\u00f3n, acompa\u00f1amiento y reconocimiento<\/strong>.<\/p>\n\n\n\n<p class=\"has-text-align-center\"><\/p>\n<\/div>\n\n\n\n<div class=\"wp-block-column is-layout-flow wp-block-column-is-layout-flow\"><div class=\"wp-block-image\">\n<figure class=\"aligncenter size-full is-resized\"><img loading=\"lazy\" decoding=\"async\" width=\"190\" height=\"190\" src=\"https:\/\/www.enecon.net.co\/web\/wp-content\/uploads\/2026\/01\/hacen-posible-que-la-energia-siga-fluyendo.png\" alt=\"\" class=\"wp-image-5417\" style=\"width:203px;height:auto\" srcset=\"https:\/\/www.enecon.net.co\/web\/wp-content\/uploads\/2026\/01\/hacen-posible-que-la-energia-siga-fluyendo.png 190w, https:\/\/www.enecon.net.co\/web\/wp-content\/uploads\/2026\/01\/hacen-posible-que-la-energia-siga-fluyendo-150x150.png 150w\" sizes=\"auto, (max-width: 190px) 100vw, 190px\" \/><\/figure>\n<\/div>\n\n\n<p class=\"has-text-align-center\">Porque son quienes hacen posible que la <strong>energ\u00eda siga fluyendo por todo el pa\u00eds<\/strong>.<\/p>\n\n\n\n<p class=\"has-text-align-center\"><\/p>\n<\/div>\n\n\n\n<div class=\"wp-block-column is-layout-flow wp-block-column-is-layout-flow\"><div class=\"wp-block-image\">\n<figure class=\"aligncenter size-full is-resized\"><img loading=\"lazy\" decoding=\"async\" width=\"190\" height=\"190\" src=\"https:\/\/www.enecon.net.co\/web\/wp-content\/uploads\/2026\/01\/Enfrentan-riesgos.png\" alt=\"\" class=\"wp-image-5418\" style=\"width:203px;height:auto\" srcset=\"https:\/\/www.enecon.net.co\/web\/wp-content\/uploads\/2026\/01\/Enfrentan-riesgos.png 190w, https:\/\/www.enecon.net.co\/web\/wp-content\/uploads\/2026\/01\/Enfrentan-riesgos-150x150.png 150w\" sizes=\"auto, (max-width: 190px) 100vw, 190px\" \/><\/figure>\n<\/div>\n\n\n<p class=\"has-text-align-center\">Porque enfrentan los <strong>mayores riesgos en campo<\/strong><\/p>\n<\/div>\n\n\n\n<div class=\"wp-block-column is-layout-flow wp-block-column-is-layout-flow\"><div class=\"wp-block-image\">\n<figure class=\"aligncenter size-full is-resized\"><img loading=\"lazy\" decoding=\"async\" width=\"190\" height=\"190\" src=\"https:\/\/www.enecon.net.co\/web\/wp-content\/uploads\/2026\/01\/30.png\" alt=\"\" class=\"wp-image-5419\" style=\"width:203px;height:auto\" srcset=\"https:\/\/www.enecon.net.co\/web\/wp-content\/uploads\/2026\/01\/30.png 190w, https:\/\/www.enecon.net.co\/web\/wp-content\/uploads\/2026\/01\/30-150x150.png 150w\" sizes=\"auto, (max-width: 190px) 100vw, 190px\" \/><\/figure>\n<\/div>\n\n\n<p class=\"has-text-align-center\">Porque representan <strong>m\u00e1s del 30% de Enecon<\/strong> y son una pieza fundamental para seguir moviendo a Colombia.<\/p>\n<\/div>\n<\/div>\n\n\n\n<p><strong><strong>Riesgos que abordaremos en el #RetoYES 2026<\/strong><\/strong><\/p>\n\n\n\n<div class=\"wp-block-columns is-layout-flex wp-container-core-columns-is-layout-9d6595d7 wp-block-columns-is-layout-flex\">\n<div class=\"wp-block-column is-layout-flow wp-block-column-is-layout-flow\"><div class=\"wp-block-image\">\n<figure class=\"aligncenter size-full is-resized\"><img loading=\"lazy\" decoding=\"async\" width=\"237\" height=\"237\" src=\"https:\/\/www.enecon.net.co\/web\/wp-content\/uploads\/2026\/01\/Planificacion-de-Ordenes-de-Trabajo.png\" alt=\"\" class=\"wp-image-5420\" style=\"width:203px;height:auto\" srcset=\"https:\/\/www.enecon.net.co\/web\/wp-content\/uploads\/2026\/01\/Planificacion-de-Ordenes-de-Trabajo.png 237w, https:\/\/www.enecon.net.co\/web\/wp-content\/uploads\/2026\/01\/Planificacion-de-Ordenes-de-Trabajo-150x150.png 150w\" sizes=\"auto, (max-width: 237px) 100vw, 237px\" \/><\/figure>\n<\/div>\n\n\n<p class=\"has-text-align-center\">Riesgo en la <strong>planificaci\u00f3n del trabajo<\/strong><\/p>\n\n\n\n<p class=\"has-text-align-center\"><\/p>\n<\/div>\n\n\n\n<div class=\"wp-block-column is-layout-flow wp-block-column-is-layout-flow\"><div class=\"wp-block-image\">\n<figure class=\"aligncenter size-full is-resized\"><img loading=\"lazy\" decoding=\"async\" width=\"237\" height=\"237\" src=\"https:\/\/www.enecon.net.co\/web\/wp-content\/uploads\/2026\/01\/Riesgo-biologico.png\" alt=\"\" class=\"wp-image-5421\" style=\"width:203px;height:auto\" srcset=\"https:\/\/www.enecon.net.co\/web\/wp-content\/uploads\/2026\/01\/Riesgo-biologico.png 237w, https:\/\/www.enecon.net.co\/web\/wp-content\/uploads\/2026\/01\/Riesgo-biologico-150x150.png 150w\" sizes=\"auto, (max-width: 237px) 100vw, 237px\" \/><\/figure>\n<\/div>\n\n\n<p class=\"has-text-align-center\"><strong>Riesgo biol\u00f3gico<\/strong><\/p>\n<\/div>\n\n\n\n<div class=\"wp-block-column is-layout-flow wp-block-column-is-layout-flow\"><div class=\"wp-block-image\">\n<figure class=\"aligncenter size-full is-resized\"><img loading=\"lazy\" decoding=\"async\" width=\"237\" height=\"237\" src=\"https:\/\/www.enecon.net.co\/web\/wp-content\/uploads\/2026\/01\/Riesgo-fatiga-laboral.png\" alt=\"\" class=\"wp-image-5422\" style=\"width:203px;height:auto\" srcset=\"https:\/\/www.enecon.net.co\/web\/wp-content\/uploads\/2026\/01\/Riesgo-fatiga-laboral.png 237w, https:\/\/www.enecon.net.co\/web\/wp-content\/uploads\/2026\/01\/Riesgo-fatiga-laboral-150x150.png 150w\" sizes=\"auto, (max-width: 237px) 100vw, 237px\" \/><\/figure>\n<\/div>\n\n\n<p class=\"has-text-align-center\">Riesgo por <strong>fatiga laboral<\/strong><\/p>\n<\/div>\n<\/div>\n\n\n\n<p><strong><strong><strong>Las 4 estrategias del #RetoYES 2026<\/strong><\/strong><\/strong><\/p>\n\n\n\n<div class=\"wp-block-columns is-layout-flex wp-container-core-columns-is-layout-9d6595d7 wp-block-columns-is-layout-flex\">\n<div class=\"wp-block-column is-layout-flow wp-block-column-is-layout-flow\"><div class=\"wp-block-image\">\n<figure class=\"aligncenter size-full is-resized\"><img loading=\"lazy\" decoding=\"async\" width=\"190\" height=\"190\" src=\"https:\/\/www.enecon.net.co\/web\/wp-content\/uploads\/2026\/01\/Aprende-jugando.png\" alt=\"\" class=\"wp-image-5423\" style=\"width:203px;height:auto\" srcset=\"https:\/\/www.enecon.net.co\/web\/wp-content\/uploads\/2026\/01\/Aprende-jugando.png 190w, https:\/\/www.enecon.net.co\/web\/wp-content\/uploads\/2026\/01\/Aprende-jugando-150x150.png 150w\" sizes=\"auto, (max-width: 190px) 100vw, 190px\" \/><\/figure>\n<\/div>\n\n\n<p class=\"has-text-align-center\"><strong>Genially \u2013 Aprender jugando<\/strong><\/p>\n\n\n\n<p class=\"has-text-align-center\">Genially ser\u00e1 el <strong>primer elemento visible de identificaci\u00f3n<\/strong> del reto. A trav\u00e9s de un juego interactivo, los equipos podr\u00e1n reconocer riesgos clave, reforzar conceptos de seguridad y empezar el #RetoYES. <\/p>\n\n\n\n<p class=\"has-text-align-center\"><\/p>\n<\/div>\n\n\n\n<div class=\"wp-block-column is-layout-flow wp-block-column-is-layout-flow\"><div class=\"wp-block-image\">\n<figure class=\"aligncenter size-full is-resized\"><img loading=\"lazy\" decoding=\"async\" width=\"190\" height=\"190\" src=\"https:\/\/www.enecon.net.co\/web\/wp-content\/uploads\/2026\/01\/Foto-sst.png\" alt=\"\" class=\"wp-image-5424\" style=\"width:203px;height:auto\" srcset=\"https:\/\/www.enecon.net.co\/web\/wp-content\/uploads\/2026\/01\/Foto-sst.png 190w, https:\/\/www.enecon.net.co\/web\/wp-content\/uploads\/2026\/01\/Foto-sst-150x150.png 150w\" sizes=\"auto, (max-width: 190px) 100vw, 190px\" \/><\/figure>\n<\/div>\n\n\n<p class=\"has-text-align-center\"><strong>Foto SST \u2013 Evidenciar buenas pr\u00e1cticas<\/strong><\/p>\n\n\n\n<p class=\"has-text-align-center\">Como segundo elemento, la seguridad se demostrar\u00e1 en el campo. Por medio de <strong>fotograf\u00edas<\/strong>, los equipos evidenciar\u00e1n la aplicaci\u00f3n real de las <strong>buenas pr\u00e1cticas de SST<\/strong>.<\/p>\n<\/div>\n\n\n\n<div class=\"wp-block-column is-layout-flow wp-block-column-is-layout-flow\"><div class=\"wp-block-image\">\n<figure class=\"aligncenter size-full is-resized\"><img loading=\"lazy\" decoding=\"async\" width=\"190\" height=\"190\" src=\"https:\/\/www.enecon.net.co\/web\/wp-content\/uploads\/2026\/01\/escuela-de-lideres.png\" alt=\"\" class=\"wp-image-5425\" style=\"width:203px;height:auto\" srcset=\"https:\/\/www.enecon.net.co\/web\/wp-content\/uploads\/2026\/01\/escuela-de-lideres.png 190w, https:\/\/www.enecon.net.co\/web\/wp-content\/uploads\/2026\/01\/escuela-de-lideres-150x150.png 150w\" sizes=\"auto, (max-width: 190px) 100vw, 190px\" \/><\/figure>\n<\/div>\n\n\n<p class=\"has-text-align-center\"><strong>Escuela de L\u00edderes YES<\/strong><\/p>\n\n\n\n<p class=\"has-text-align-center\">Posteriormente, a trav\u00e9s de los canales internos, se compartir\u00e1n las <strong>piezas gr\u00e1ficas de la Escuela de L\u00edderes YES<\/strong>, dise\u00f1adas especialmente para los l\u00edderes del #RetoYES. <\/p>\n<\/div>\n\n\n\n<div class=\"wp-block-column is-layout-flow wp-block-column-is-layout-flow\"><div class=\"wp-block-image\">\n<figure class=\"aligncenter size-full is-resized\"><img loading=\"lazy\" decoding=\"async\" width=\"190\" height=\"190\" src=\"https:\/\/www.enecon.net.co\/web\/wp-content\/uploads\/2026\/01\/Cartilla.png\" alt=\"\" class=\"wp-image-5426\" style=\"width:203px;height:auto\" srcset=\"https:\/\/www.enecon.net.co\/web\/wp-content\/uploads\/2026\/01\/Cartilla.png 190w, https:\/\/www.enecon.net.co\/web\/wp-content\/uploads\/2026\/01\/Cartilla-150x150.png 150w\" sizes=\"auto, (max-width: 190px) 100vw, 190px\" \/><\/figure>\n<\/div>\n\n\n<p class=\"has-text-align-center\"><strong>Cartilla de Buenas Pr\u00e1cticas<\/strong><\/p>\n\n\n\n<p class=\"has-text-align-center\">Como complemento, las <strong>cartillas de buenas pr\u00e1cticas<\/strong> estar\u00e1n disponibles en el sitio web y refuerza los est\u00e1ndares de seguridad en cada actividad.<\/p>\n\n\n\n<p class=\"has-text-align-center\"><\/p>\n<\/div>\n<\/div>\n\n\n\n<p class=\"has-medium-font-size\"><\/p>\n\n\n\n<p><strong><strong><strong><strong>Sistema de premiaci\u00f3n virtual<\/strong><\/strong><\/strong><\/strong><\/p>\n\n\n\n<div class=\"wp-block-columns is-layout-flex wp-container-core-columns-is-layout-9d6595d7 wp-block-columns-is-layout-flex\">\n<div class=\"wp-block-column is-layout-flow wp-block-column-is-layout-flow\"><div class=\"wp-block-image\">\n<figure class=\"aligncenter size-full is-resized\"><img loading=\"lazy\" decoding=\"async\" width=\"190\" height=\"190\" src=\"https:\/\/www.enecon.net.co\/web\/wp-content\/uploads\/2026\/01\/01.png\" alt=\"\" class=\"wp-image-5427\" style=\"width:203px;height:auto\" srcset=\"https:\/\/www.enecon.net.co\/web\/wp-content\/uploads\/2026\/01\/01.png 190w, https:\/\/www.enecon.net.co\/web\/wp-content\/uploads\/2026\/01\/01-150x150.png 150w\" sizes=\"auto, (max-width: 190px) 100vw, 190px\" \/><\/figure>\n<\/div>\n\n\n<p class=\"has-text-align-center\"><strong>\ud83d\udfe2 Nivel 0 \u2013 Cero accidentes<\/strong><\/p>\n\n\n\n<p class=\"has-text-align-center\">Aplica para los proyectos que mantengan <strong>cero accidentes durante toda su ejecuci\u00f3n<\/strong>, demostrando un compromiso constante con la seguridad y el autocuidado.<\/p>\n\n\n\n<p class=\"has-text-align-center\"><\/p>\n<\/div>\n\n\n\n<div class=\"wp-block-column is-layout-flow wp-block-column-is-layout-flow\"><div class=\"wp-block-image\">\n<figure class=\"aligncenter size-full is-resized\"><img loading=\"lazy\" decoding=\"async\" width=\"190\" height=\"190\" src=\"https:\/\/www.enecon.net.co\/web\/wp-content\/uploads\/2026\/01\/02.png\" alt=\"\" class=\"wp-image-5428\" style=\"width:203px;height:auto\" srcset=\"https:\/\/www.enecon.net.co\/web\/wp-content\/uploads\/2026\/01\/02.png 190w, https:\/\/www.enecon.net.co\/web\/wp-content\/uploads\/2026\/01\/02-150x150.png 150w\" sizes=\"auto, (max-width: 190px) 100vw, 190px\" \/><\/figure>\n<\/div>\n\n\n<p class=\"has-text-align-center\"><strong>\ud83d\udfe1 Nivel 1 \u2013 Accidentes leves sin incapacidad<\/strong><\/p>\n\n\n\n<p class=\"has-text-align-center\">Aplica para los proyectos que presenten <strong>accidentes leves sin incapacidad<\/strong>, manteniendo el control de los riesgos y el cumplimiento de las medidas de SST durante todo el proyecto.<\/p>\n<\/div>\n\n\n\n<div class=\"wp-block-column is-layout-flow wp-block-column-is-layout-flow\"><div class=\"wp-block-image\">\n<figure class=\"aligncenter size-full is-resized\"><img loading=\"lazy\" decoding=\"async\" width=\"190\" height=\"190\" src=\"https:\/\/www.enecon.net.co\/web\/wp-content\/uploads\/2026\/01\/03.png\" alt=\"\" class=\"wp-image-5429\" style=\"width:203px;height:auto\" srcset=\"https:\/\/www.enecon.net.co\/web\/wp-content\/uploads\/2026\/01\/03.png 190w, https:\/\/www.enecon.net.co\/web\/wp-content\/uploads\/2026\/01\/03-150x150.png 150w\" sizes=\"auto, (max-width: 190px) 100vw, 190px\" \/><\/figure>\n<\/div>\n\n\n<p class=\"has-text-align-center\"><strong>\ud83d\udd35 Nivel 2 \u2013 Participaci\u00f3n activa<\/strong><\/p>\n\n\n\n<p>Aplica exclusivamente para quienes participen activamente en las actividades propuestas:<\/p>\n\n\n\n<ul class=\"wp-block-list\">\n<li>Juego interactivo en <strong>Genially<\/strong><\/li>\n<\/ul>\n\n\n\n<p class=\"has-text-align-center\"><strong>Fotograf\u00eda<\/strong> que evidencie buenas pr\u00e1cticas en SST<\/p>\n<\/div>\n<\/div>\n\n\n\n<p><\/p>\n\n\n\n<p><strong>Un reto para cuidarnos y seguir moviendo la energ\u00eda<\/strong><\/p>\n\n\n\n<p>El <strong>#RetoYES 2026 \u2013 Poda y Mantenimiento Forestal<\/strong> no es solo una actividad ni una medici\u00f3n: es un recordatorio constante de que la seguridad es una decisi\u00f3n diaria. Cada juego, cada foto, cada liderazgo visible y cada buena pr\u00e1ctica suman para reducir riesgos, proteger la vida y fortalecer nuestra cultura del cuidado.Hoy m\u00e1s que nunca, este reto existe para acompa\u00f1arlos, reconocer su esfuerzo y asegurar que cada jornada termine como debe ser: <strong>con todos regresando sanos y salvos a casa, listos para seguir moviendo la energ\u00eda de Colombia<\/strong>.<\/p>\n\n\n\n<p><\/p>\n\n\n\n<p><\/p>\n\n\n\n<figure class=\"wp-block-image size-full\"><img loading=\"lazy\" decoding=\"async\" width=\"1201\" height=\"645\" src=\"https:\/\/www.enecon.net.co\/web\/wp-content\/uploads\/2026\/01\/banner-02.jpg\" alt=\"\" class=\"wp-image-5431\" srcset=\"https:\/\/www.enecon.net.co\/web\/wp-content\/uploads\/2026\/01\/banner-02.jpg 1201w, https:\/\/www.enecon.net.co\/web\/wp-content\/uploads\/2026\/01\/banner-02-300x161.jpg 300w, https:\/\/www.enecon.net.co\/web\/wp-content\/uploads\/2026\/01\/banner-02-1024x550.jpg 1024w, https:\/\/www.enecon.net.co\/web\/wp-content\/uploads\/2026\/01\/banner-02-768x412.jpg 768w\" sizes=\"auto, (max-width: 1201px) 100vw, 1201px\" \/><\/figure>\n\n\n\n<p><strong>Descubre m\u00e1s sobre el #RetoYES 2025 en nuestro sitio web o sigui\u00e9ndonos en nuestras redes sociales. #SiempreConectados con tu bienestar.<\/strong><\/p>\n\n\n\n<h2 class=\"wp-block-heading has-text-align-center\">\u00a1Un abrazo te espera en casa!<\/h2>\n\n\n\n<div class=\"wp-block-columns is-layout-flex wp-container-core-columns-is-layout-9d6595d7 wp-block-columns-is-layout-flex\">\n<div class=\"wp-block-column is-layout-flow wp-block-column-is-layout-flow\"><div class=\"wp-block-image\">\n<figure class=\"alignleft size-full is-resized\"><a href=\"https:\/\/www.facebook.com\/eneconsas\" target=\"_blank\" rel=\"noopener\"><img loading=\"lazy\" decoding=\"async\" width=\"130\" height=\"130\" src=\"https:\/\/www.enecon.net.co\/web\/wp-content\/uploads\/2024\/09\/icono-face-1.png\" alt=\"\" class=\"wp-image-3365\" style=\"width:68px;height:auto\"\/><\/a><\/figure>\n<\/div><\/div>\n\n\n\n<div class=\"wp-block-column is-layout-flow wp-block-column-is-layout-flow\"><div class=\"wp-block-image\">\n<figure class=\"alignleft size-full is-resized\"><a href=\"https:\/\/www.instagram.com\/eneconsas\/ \" target=\"_blank\" rel=\"noopener\"><img loading=\"lazy\" decoding=\"async\" width=\"130\" height=\"130\" src=\"https:\/\/www.enecon.net.co\/web\/wp-content\/uploads\/2024\/09\/icono-insta-1.png\" alt=\"\" class=\"wp-image-3368\" style=\"width:68px;height:auto\"\/><\/a><\/figure>\n<\/div><\/div>\n\n\n\n<div class=\"wp-block-column is-layout-flow wp-block-column-is-layout-flow\"><div class=\"wp-block-image\">\n<figure class=\"alignleft size-full is-resized\"><a href=\"https:\/\/www.linkedin.com\/company\/40655434\/admin\/page-posts\/published\/ \" target=\"_blank\" rel=\"noopener\"><img loading=\"lazy\" decoding=\"async\" width=\"130\" height=\"130\" src=\"https:\/\/www.enecon.net.co\/web\/wp-content\/uploads\/2024\/09\/icono-linkd-1.png\" alt=\"\" class=\"wp-image-3369\" style=\"width:72px;height:auto\"\/><\/a><\/figure>\n<\/div><\/div>\n\n\n\n<div class=\"wp-block-column is-layout-flow wp-block-column-is-layout-flow\"><div class=\"wp-block-image\">\n<figure class=\"alignleft size-full is-resized\"><a href=\"https:\/\/www.youtube.com\/@enecons.a.s9462  \" target=\"_blank\" rel=\"noopener\"><img loading=\"lazy\" decoding=\"async\" width=\"130\" height=\"129\" src=\"https:\/\/www.enecon.net.co\/web\/wp-content\/uploads\/2024\/09\/icono-yt.png\" alt=\"\" class=\"wp-image-3370\" style=\"width:66px;height:auto\"\/><\/a><\/figure>\n<\/div><\/div>\n<\/div>\n\n\n\n<div style=\"height:25px\" aria-hidden=\"true\" class=\"wp-block-spacer\"><\/div>\n\n\n\n<figure class=\"wp-block-image size-large\"><img loading=\"lazy\" decoding=\"async\" width=\"1024\" height=\"369\" src=\"https:\/\/www.enecon.net.co\/web\/wp-content\/uploads\/2023\/07\/Enecon-Reto-YES-adiccion-drogas-y-alcohol-1-2-1024x369.jpg\" alt=\"Reto Yes enecon persona de frente colaborador\" class=\"wp-image-1893\" srcset=\"https:\/\/www.enecon.net.co\/web\/wp-content\/uploads\/2023\/07\/Enecon-Reto-YES-adiccion-drogas-y-alcohol-1-2-1024x369.jpg 1024w, https:\/\/www.enecon.net.co\/web\/wp-content\/uploads\/2023\/07\/Enecon-Reto-YES-adiccion-drogas-y-alcohol-1-2-300x108.jpg 300w, https:\/\/www.enecon.net.co\/web\/wp-content\/uploads\/2023\/07\/Enecon-Reto-YES-adiccion-drogas-y-alcohol-1-2-768x277.jpg 768w, https:\/\/www.enecon.net.co\/web\/wp-content\/uploads\/2023\/07\/Enecon-Reto-YES-adiccion-drogas-y-alcohol-1-2.jpg 1200w\" sizes=\"auto, (max-width: 1024px) 100vw, 1024px\" \/><\/figure>\n","protected":false},"excerpt":{"rendered":"<p>#RetoYES 2026 crece + contigo Volvemos con el #RetoYES 2026, una apuesta que sigue creciendo y que este a\u00f1o se fortalece para cuidar mejor a quienes hacen posible que la energ\u00eda siga fluyendo por todo el pa\u00eds. Este blog y este reto est\u00e1n dirigidos exclusivamente a los equipos de Poda y Mantenimiento Forestal, porque entendemos [&hellip;]<\/p>\n","protected":false},"author":1,"featured_media":5412,"comment_status":"closed","ping_status":"closed","sticky":false,"template":"","format":"standard","meta":{"content-type":"","_joinchat":[],"footnotes":""},"categories":[48],"tags":[],"class_list":["post-5409","post","type-post","status-publish","format-standard","has-post-thumbnail","hentry","category-restoyes"],"_links":{"self":[{"href":"https:\/\/www.enecon.net.co\/web\/wp-json\/wp\/v2\/posts\/5409","targetHints":{"allow":["GET"]}}],"collection":[{"href":"https:\/\/www.enecon.net.co\/web\/wp-json\/wp\/v2\/posts"}],"about":[{"href":"https:\/\/www.enecon.net.co\/web\/wp-json\/wp\/v2\/types\/post"}],"author":[{"embeddable":true,"href":"https:\/\/www.enecon.net.co\/web\/wp-json\/wp\/v2\/users\/1"}],"replies":[{"embeddable":true,"href":"https:\/\/www.enecon.net.co\/web\/wp-json\/wp\/v2\/comments?post=5409"}],"version-history":[{"count":3,"href":"https:\/\/www.enecon.net.co\/web\/wp-json\/wp\/v2\/posts\/5409\/revisions"}],"predecessor-version":[{"id":5432,"href":"https:\/\/www.enecon.net.co\/web\/wp-json\/wp\/v2\/posts\/5409\/revisions\/5432"}],"wp:featuredmedia":[{"embeddable":true,"href":"https:\/\/www.enecon.net.co\/web\/wp-json\/wp\/v2\/media\/5412"}],"wp:attachment":[{"href":"https:\/\/www.enecon.net.co\/web\/wp-json\/wp\/v2\/media?parent=5409"}],"wp:term":[{"taxonomy":"category","embeddable":true,"href":"https:\/\/www.enecon.net.co\/web\/wp-json\/wp\/v2\/categories?post=5409"},{"taxonomy":"post_tag","embeddable":true,"href":"https:\/\/www.enecon.net.co\/web\/wp-json\/wp\/v2\/tags?post=5409"}],"curies":[{"name":"wp","href":"https:\/\/api.w.org\/{rel}","templated":true}]}}