{"id":5369,"date":"2025-12-09T09:36:07","date_gmt":"2025-12-09T14:36:07","guid":{"rendered":"https:\/\/www.enecon.net.co\/web\/?p=5369"},"modified":"2025-12-30T16:51:10","modified_gmt":"2025-12-30T21:51:10","slug":"yes-a-la-vida-el-liderazgo-que-se-pone-el-casco","status":"publish","type":"post","link":"https:\/\/www.enecon.net.co\/web\/yes-a-la-vida-el-liderazgo-que-se-pone-el-casco\/","title":{"rendered":"YES A LA VIDA: El liderazgo que se pone el casco"},"content":{"rendered":"\n<h3 class=\"wp-block-heading has-large-font-size\"><strong>Nueva campa\u00f1a que nace del #RetoYES<\/strong><\/h3>\n\n\n\n<figure class=\"wp-block-image size-large\"><img loading=\"lazy\" decoding=\"async\" width=\"1024\" height=\"576\" src=\"https:\/\/www.enecon.net.co\/web\/wp-content\/uploads\/2025\/12\/C0086.MP4.08_08_42_37.Still001-1024x576.jpg\" alt=\"\" class=\"wp-image-5400\" srcset=\"https:\/\/www.enecon.net.co\/web\/wp-content\/uploads\/2025\/12\/C0086.MP4.08_08_42_37.Still001-1024x576.jpg 1024w, https:\/\/www.enecon.net.co\/web\/wp-content\/uploads\/2025\/12\/C0086.MP4.08_08_42_37.Still001-300x169.jpg 300w, https:\/\/www.enecon.net.co\/web\/wp-content\/uploads\/2025\/12\/C0086.MP4.08_08_42_37.Still001-768x432.jpg 768w, https:\/\/www.enecon.net.co\/web\/wp-content\/uploads\/2025\/12\/C0086.MP4.08_08_42_37.Still001-1536x864.jpg 1536w, https:\/\/www.enecon.net.co\/web\/wp-content\/uploads\/2025\/12\/C0086.MP4.08_08_42_37.Still001-2048x1152.jpg 2048w\" sizes=\"auto, (max-width: 1024px) 100vw, 1024px\" \/><\/figure>\n\n\n\n<h3 class=\"wp-block-heading\"><\/h3>\n\n\n\n<p>En Enecon, la seguridad y la salud en el trabajo no se entienden como una responsabilidad exclusiva del personal operativo, sino como un proceso que inicia en la toma de decisiones estrat\u00e9gicas y se consolida a trav\u00e9s del ejemplo. Esta visi\u00f3n da origen a <strong>YES A LA VIDA<\/strong>, una campa\u00f1a que surge como parte del <strong>#RetoYES<\/strong>, enfocada en fortalecer el liderazgo como motor de una cultura de prevenci\u00f3n real y sostenible.<\/p>\n\n\n\n<p>YES A LA VIDA busca generar un cambio de mentalidad dentro de toda la organizaci\u00f3n, invitando a los l\u00edderes a reconocer el impacto directo que tienen sus acciones, prioridades y comportamientos sobre la seguridad, la motivaci\u00f3n y el bienestar de sus equipos de trabajo.<\/p>\n\n\n\n<h2 class=\"wp-block-heading\"><strong>\u00bfQu\u00e9 es YES A LA VIDA?<\/strong><\/h2>\n\n\n\n<p>YES A LA VIDA es una iniciativa que hace parte del programa <strong>Escuela de L\u00edderes #YES<\/strong>, dise\u00f1ada para sensibilizar a la alta direcci\u00f3n, l\u00edderes de proceso y equipos administrativos sobre el rol activo que cumplen en la protecci\u00f3n de la vida. Su enfoque principal es promover un liderazgo visible, cercano y coherente, que trascienda el discurso y se convierta en una pr\u00e1ctica diaria.<\/p>\n\n\n\n<p>Esta campa\u00f1a pone en el centro un concepto clave: la seguridad no se delega, se ejerce. Por ello, el programa articula acciones formativas, actividades en campo, espacios de reflexi\u00f3n y mecanismos de seguimiento que permiten transformar la cultura organizacional desde la ra\u00edz.<\/p>\n\n\n\n<h2 class=\"wp-block-heading\"><strong>El casco como s\u00edmbolo de liderazgo<\/strong><\/h2>\n\n\n\n<p>Dentro de la campa\u00f1a, el casco adquiere un nuevo significado. Para el personal operativo, representa la protecci\u00f3n f\u00edsica; para los l\u00edderes y personal administrativo, simboliza la responsabilidad \u00e9tica, organizacional y humana de cuidar a los equipos.<\/p>\n\n\n\n<p>El <strong>casco p\u00farpura<\/strong> se introduce como un emblema de conciencia, compromiso y liderazgo visible. No responde a jerarqu\u00edas ni cargos, sino a la decisi\u00f3n de actuar de manera preventiva, de planificar con enfoque en la vida y de demostrar, con hechos, que la seguridad es un valor no negociable dentro de Enecon.<\/p>\n\n\n\n<h2 class=\"wp-block-heading\"><strong>L\u00edneas de participaci\u00f3n: l\u00edderes y colaboradores<\/strong><\/h2>\n\n\n\n<p>La campa\u00f1a se articula a trav\u00e9s de dos l\u00edneas complementarias:<\/p>\n\n\n\n<ul class=\"wp-block-list\">\n<li><strong>L\u00edderes:<\/strong> #YESaLaVida | Casco p\u00farpura<br><\/li>\n\n\n\n<li><strong>Colaboradores:<\/strong> #YESporMiVida | Casco amarillo y\/o blanco<br><\/li>\n<\/ul>\n\n\n\n<p>Este enfoque permite integrar a toda la organizaci\u00f3n bajo un mismo prop\u00f3sito, reconociendo que la seguridad es una construcci\u00f3n colectiva, donde cada rol cumple una funci\u00f3n espec\u00edfica pero igualmente relevante.tro sedes operativas que representan la ruta natural donde este proyecto se despliega y mueve al pa\u00eds:<\/p>\n\n\n\n<div class=\"wp-block-columns is-layout-flex wp-container-core-columns-is-layout-9d6595d7 wp-block-columns-is-layout-flex\">\n<div class=\"wp-block-column is-layout-flow wp-block-column-is-layout-flow\"><div class=\"wp-block-image\">\n<figure class=\"aligncenter size-full is-resized\"><img loading=\"lazy\" decoding=\"async\" width=\"190\" height=\"190\" src=\"https:\/\/www.enecon.net.co\/web\/wp-content\/uploads\/2025\/11\/nordeste.png\" alt=\"\" class=\"wp-image-5356\" style=\"width:203px;height:auto\" srcset=\"https:\/\/www.enecon.net.co\/web\/wp-content\/uploads\/2025\/11\/nordeste.png 190w, https:\/\/www.enecon.net.co\/web\/wp-content\/uploads\/2025\/11\/nordeste-150x150.png 150w\" sizes=\"auto, (max-width: 190px) 100vw, 190px\" \/><\/figure>\n<\/div>\n\n\n<p class=\"has-text-align-center\"><strong>1. Generar conciencia en los l\u00edderes<\/strong><\/p>\n\n\n\n<p class=\"has-text-align-center\"><\/p>\n\n\n\n<p class=\"has-text-align-center\"><\/p>\n<\/div>\n\n\n\n<div class=\"wp-block-column is-layout-flow wp-block-column-is-layout-flow\"><div class=\"wp-block-image\">\n<figure class=\"aligncenter size-full\"><img loading=\"lazy\" decoding=\"async\" width=\"190\" height=\"190\" src=\"https:\/\/www.enecon.net.co\/web\/wp-content\/uploads\/2025\/11\/occidente.png\" alt=\"\" class=\"wp-image-5357\" srcset=\"https:\/\/www.enecon.net.co\/web\/wp-content\/uploads\/2025\/11\/occidente.png 190w, https:\/\/www.enecon.net.co\/web\/wp-content\/uploads\/2025\/11\/occidente-150x150.png 150w\" sizes=\"auto, (max-width: 190px) 100vw, 190px\" \/><\/figure>\n<\/div>\n\n\n<p class=\"has-text-align-center\"><strong>2. Incentivar la participaci\u00f3n en la Escuela de L\u00edderes #YES<\/strong><\/p>\n\n\n\n<p class=\"has-text-align-center\"><\/p>\n<\/div>\n\n\n\n<div class=\"wp-block-column is-layout-flow wp-block-column-is-layout-flow\"><div class=\"wp-block-image\">\n<figure class=\"aligncenter size-full is-resized\"><img loading=\"lazy\" decoding=\"async\" width=\"190\" height=\"190\" src=\"https:\/\/www.enecon.net.co\/web\/wp-content\/uploads\/2025\/11\/suroeste.png\" alt=\"\" class=\"wp-image-5358\" style=\"width:203px;height:auto\" srcset=\"https:\/\/www.enecon.net.co\/web\/wp-content\/uploads\/2025\/11\/suroeste.png 190w, https:\/\/www.enecon.net.co\/web\/wp-content\/uploads\/2025\/11\/suroeste-150x150.png 150w\" sizes=\"auto, (max-width: 190px) 100vw, 190px\" \/><\/figure>\n<\/div>\n\n\n<p class=\"has-text-align-center\"><strong>3. Fortalecer el liderazgo visible<\/strong><\/p>\n\n\n\n<p class=\"has-text-align-center\"><\/p>\n<\/div>\n\n\n\n<div class=\"wp-block-column is-layout-flow wp-block-column-is-layout-flow\"><div class=\"wp-block-image\">\n<figure class=\"aligncenter size-full is-resized\"><img loading=\"lazy\" decoding=\"async\" width=\"190\" height=\"190\" src=\"https:\/\/www.enecon.net.co\/web\/wp-content\/uploads\/2025\/11\/metropolitana.png\" alt=\"\" class=\"wp-image-5359\" style=\"width:203px;height:auto\" srcset=\"https:\/\/www.enecon.net.co\/web\/wp-content\/uploads\/2025\/11\/metropolitana.png 190w, https:\/\/www.enecon.net.co\/web\/wp-content\/uploads\/2025\/11\/metropolitana-150x150.png 150w\" sizes=\"auto, (max-width: 190px) 100vw, 190px\" \/><\/figure>\n<\/div>\n\n\n<p class=\"has-text-align-center\"><strong>4. Integrar al personal administrativo<\/strong>.<\/p>\n\n\n\n<p class=\"has-text-align-center\"><\/p>\n<\/div>\n\n\n\n<div class=\"wp-block-column is-layout-flow wp-block-column-is-layout-flow\"><div class=\"wp-block-image\">\n<figure class=\"aligncenter size-full is-resized\"><img loading=\"lazy\" decoding=\"async\" width=\"190\" height=\"190\" src=\"https:\/\/www.enecon.net.co\/web\/wp-content\/uploads\/2025\/11\/metropolitana.png\" alt=\"\" class=\"wp-image-5359\" style=\"width:203px;height:auto\" srcset=\"https:\/\/www.enecon.net.co\/web\/wp-content\/uploads\/2025\/11\/metropolitana.png 190w, https:\/\/www.enecon.net.co\/web\/wp-content\/uploads\/2025\/11\/metropolitana-150x150.png 150w\" sizes=\"auto, (max-width: 190px) 100vw, 190px\" \/><\/figure>\n<\/div>\n\n\n<p class=\"has-text-align-center\"><strong>5. Reconocer el compromiso con la vida<\/strong><\/p>\n\n\n\n<p class=\"has-text-align-center\"><\/p>\n<\/div>\n<\/div>\n\n\n\n<p class=\"has-medium-font-size\"><strong>\u00bfY t\u00fa por qui\u00e9n te vas a poner el casco?<\/strong><\/p>\n\n\n\n<p>YES A LA VIDA representa un paso estrat\u00e9gico en la evoluci\u00f3n de la cultura de seguridad en Enecon, al reconocer que el liderazgo no es solo una funci\u00f3n de direcci\u00f3n, sino una responsabilidad activa frente a la vida de las personas. A trav\u00e9s de este enfoque, la organizaci\u00f3n fortalece su compromiso con entornos de trabajo m\u00e1s seguros, coherentes y alineados con el prop\u00f3sito de proteger lo m\u00e1s valioso: su gente.<\/p>\n\n\n\n<p>Esta campa\u00f1a consolida la convicci\u00f3n de que una verdadera cultura de prevenci\u00f3n se construye desde el ejemplo, la coherencia y la presencia activa de quienes lideran los procesos.<\/p>\n\n\n\n<p>Decir YES a la vida es entender que cada l\u00edder tiene en sus manos la posibilidad de convertir la seguridad en una cultura real y visible.<\/p>\n\n\n\n<figure class=\"wp-block-image size-full\"><img loading=\"lazy\" decoding=\"async\" width=\"2560\" height=\"1440\" src=\"https:\/\/www.enecon.net.co\/web\/wp-content\/uploads\/2025\/12\/C0034.MP4.06_50_54_27.Still001-scaled.jpg\" alt=\"\" class=\"wp-image-5401\" srcset=\"https:\/\/www.enecon.net.co\/web\/wp-content\/uploads\/2025\/12\/C0034.MP4.06_50_54_27.Still001-scaled.jpg 2560w, https:\/\/www.enecon.net.co\/web\/wp-content\/uploads\/2025\/12\/C0034.MP4.06_50_54_27.Still001-300x169.jpg 300w, https:\/\/www.enecon.net.co\/web\/wp-content\/uploads\/2025\/12\/C0034.MP4.06_50_54_27.Still001-1024x576.jpg 1024w, https:\/\/www.enecon.net.co\/web\/wp-content\/uploads\/2025\/12\/C0034.MP4.06_50_54_27.Still001-768x432.jpg 768w, https:\/\/www.enecon.net.co\/web\/wp-content\/uploads\/2025\/12\/C0034.MP4.06_50_54_27.Still001-1536x864.jpg 1536w, https:\/\/www.enecon.net.co\/web\/wp-content\/uploads\/2025\/12\/C0034.MP4.06_50_54_27.Still001-2048x1152.jpg 2048w\" sizes=\"auto, (max-width: 2560px) 100vw, 2560px\" \/><\/figure>\n\n\n\n<p><strong>Descubre m\u00e1s sobre el #RetoYES 2025 en nuestro sitio web o sigui\u00e9ndonos en nuestras redes sociales. #SiempreConectados con tu bienestar.<\/strong><\/p>\n\n\n\n<h2 class=\"wp-block-heading has-text-align-center\">\u00a1Un abrazo te espera en casa!<\/h2>\n\n\n\n<div class=\"wp-block-columns is-layout-flex wp-container-core-columns-is-layout-9d6595d7 wp-block-columns-is-layout-flex\">\n<div class=\"wp-block-column is-layout-flow wp-block-column-is-layout-flow\"><div class=\"wp-block-image\">\n<figure class=\"alignleft size-full is-resized\"><a href=\"https:\/\/www.facebook.com\/eneconsas\" target=\"_blank\" rel=\"noopener\"><img loading=\"lazy\" decoding=\"async\" width=\"130\" height=\"130\" src=\"https:\/\/www.enecon.net.co\/web\/wp-content\/uploads\/2024\/09\/icono-face-1.png\" alt=\"\" class=\"wp-image-3365\" style=\"width:68px;height:auto\"\/><\/a><\/figure>\n<\/div><\/div>\n\n\n\n<div class=\"wp-block-column is-layout-flow wp-block-column-is-layout-flow\"><div class=\"wp-block-image\">\n<figure class=\"alignleft size-full is-resized\"><a href=\"https:\/\/www.instagram.com\/eneconsas\/ \" target=\"_blank\" rel=\"noopener\"><img loading=\"lazy\" decoding=\"async\" width=\"130\" height=\"130\" src=\"https:\/\/www.enecon.net.co\/web\/wp-content\/uploads\/2024\/09\/icono-insta-1.png\" alt=\"\" class=\"wp-image-3368\" style=\"width:68px;height:auto\"\/><\/a><\/figure>\n<\/div><\/div>\n\n\n\n<div class=\"wp-block-column is-layout-flow wp-block-column-is-layout-flow\"><div class=\"wp-block-image\">\n<figure class=\"alignleft size-full is-resized\"><a href=\"https:\/\/www.linkedin.com\/company\/40655434\/admin\/page-posts\/published\/ \" target=\"_blank\" rel=\"noopener\"><img loading=\"lazy\" decoding=\"async\" width=\"130\" height=\"130\" src=\"https:\/\/www.enecon.net.co\/web\/wp-content\/uploads\/2024\/09\/icono-linkd-1.png\" alt=\"\" class=\"wp-image-3369\" style=\"width:72px;height:auto\"\/><\/a><\/figure>\n<\/div><\/div>\n\n\n\n<div class=\"wp-block-column is-layout-flow wp-block-column-is-layout-flow\"><div class=\"wp-block-image\">\n<figure class=\"alignleft size-full is-resized\"><a href=\"https:\/\/www.youtube.com\/@enecons.a.s9462  \" target=\"_blank\" rel=\"noopener\"><img loading=\"lazy\" decoding=\"async\" width=\"130\" height=\"129\" src=\"https:\/\/www.enecon.net.co\/web\/wp-content\/uploads\/2024\/09\/icono-yt.png\" alt=\"\" class=\"wp-image-3370\" style=\"width:66px;height:auto\"\/><\/a><\/figure>\n<\/div><\/div>\n<\/div>\n\n\n\n<div style=\"height:25px\" aria-hidden=\"true\" class=\"wp-block-spacer\"><\/div>\n\n\n\n<figure class=\"wp-block-image size-large\"><img loading=\"lazy\" decoding=\"async\" width=\"1024\" height=\"369\" src=\"https:\/\/www.enecon.net.co\/web\/wp-content\/uploads\/2023\/07\/Enecon-Reto-YES-adiccion-drogas-y-alcohol-1-2-1024x369.jpg\" alt=\"Reto Yes enecon persona de frente colaborador\" class=\"wp-image-1893\" srcset=\"https:\/\/www.enecon.net.co\/web\/wp-content\/uploads\/2023\/07\/Enecon-Reto-YES-adiccion-drogas-y-alcohol-1-2-1024x369.jpg 1024w, https:\/\/www.enecon.net.co\/web\/wp-content\/uploads\/2023\/07\/Enecon-Reto-YES-adiccion-drogas-y-alcohol-1-2-300x108.jpg 300w, https:\/\/www.enecon.net.co\/web\/wp-content\/uploads\/2023\/07\/Enecon-Reto-YES-adiccion-drogas-y-alcohol-1-2-768x277.jpg 768w, https:\/\/www.enecon.net.co\/web\/wp-content\/uploads\/2023\/07\/Enecon-Reto-YES-adiccion-drogas-y-alcohol-1-2.jpg 1200w\" sizes=\"auto, (max-width: 1024px) 100vw, 1024px\" \/><\/figure>\n","protected":false},"excerpt":{"rendered":"<p>Nueva campa\u00f1a que nace del #RetoYES En Enecon, la seguridad y la salud en el trabajo no se entienden como una responsabilidad exclusiva del personal operativo, sino como un proceso que inicia en la toma de decisiones estrat\u00e9gicas y se consolida a trav\u00e9s del ejemplo. Esta visi\u00f3n da origen a YES A LA VIDA, una [&hellip;]<\/p>\n","protected":false},"author":1,"featured_media":5399,"comment_status":"closed","ping_status":"closed","sticky":false,"template":"","format":"standard","meta":{"content-type":"","_joinchat":[],"footnotes":""},"categories":[48],"tags":[],"class_list":["post-5369","post","type-post","status-publish","format-standard","has-post-thumbnail","hentry","category-restoyes"],"_links":{"self":[{"href":"https:\/\/www.enecon.net.co\/web\/wp-json\/wp\/v2\/posts\/5369","targetHints":{"allow":["GET"]}}],"collection":[{"href":"https:\/\/www.enecon.net.co\/web\/wp-json\/wp\/v2\/posts"}],"about":[{"href":"https:\/\/www.enecon.net.co\/web\/wp-json\/wp\/v2\/types\/post"}],"author":[{"embeddable":true,"href":"https:\/\/www.enecon.net.co\/web\/wp-json\/wp\/v2\/users\/1"}],"replies":[{"embeddable":true,"href":"https:\/\/www.enecon.net.co\/web\/wp-json\/wp\/v2\/comments?post=5369"}],"version-history":[{"count":2,"href":"https:\/\/www.enecon.net.co\/web\/wp-json\/wp\/v2\/posts\/5369\/revisions"}],"predecessor-version":[{"id":5402,"href":"https:\/\/www.enecon.net.co\/web\/wp-json\/wp\/v2\/posts\/5369\/revisions\/5402"}],"wp:featuredmedia":[{"embeddable":true,"href":"https:\/\/www.enecon.net.co\/web\/wp-json\/wp\/v2\/media\/5399"}],"wp:attachment":[{"href":"https:\/\/www.enecon.net.co\/web\/wp-json\/wp\/v2\/media?parent=5369"}],"wp:term":[{"taxonomy":"category","embeddable":true,"href":"https:\/\/www.enecon.net.co\/web\/wp-json\/wp\/v2\/categories?post=5369"},{"taxonomy":"post_tag","embeddable":true,"href":"https:\/\/www.enecon.net.co\/web\/wp-json\/wp\/v2\/tags?post=5369"}],"curies":[{"name":"wp","href":"https:\/\/api.w.org\/{rel}","templated":true}]}}