{"id":5355,"date":"2025-12-09T09:25:59","date_gmt":"2025-12-09T14:25:59","guid":{"rendered":"https:\/\/www.enecon.net.co\/web\/?p=5355"},"modified":"2025-12-30T16:44:47","modified_gmt":"2025-12-30T21:44:47","slug":"%f0%9f%8c%b3-mantenimiento-forestal-un-reto-que-nos-movio-a-cuidar-la-vida","status":"publish","type":"post","link":"https:\/\/www.enecon.net.co\/web\/%f0%9f%8c%b3-mantenimiento-forestal-un-reto-que-nos-movio-a-cuidar-la-vida\/","title":{"rendered":"\ud83c\udf33 Mantenimiento Forestal: un reto que nos movi\u00f3 a cuidar la vida"},"content":{"rendered":"\n<h3 class=\"wp-block-heading has-large-font-size\">Cuatro zonas, m\u00e1s de 560 colaboradores y un solo prop\u00f3sito: fortalecer la cultura de seguridad en una de las operaciones que mueve a Colombia.<\/h3>\n\n\n\n<figure class=\"wp-block-image size-large\"><img loading=\"lazy\" decoding=\"async\" width=\"1024\" height=\"550\" src=\"https:\/\/www.enecon.net.co\/web\/wp-content\/uploads\/2025\/11\/2025-11-21-Banner-01-1024x550.jpg\" alt=\"\" class=\"wp-image-5361\" srcset=\"https:\/\/www.enecon.net.co\/web\/wp-content\/uploads\/2025\/11\/2025-11-21-Banner-01-1024x550.jpg 1024w, https:\/\/www.enecon.net.co\/web\/wp-content\/uploads\/2025\/11\/2025-11-21-Banner-01-300x161.jpg 300w, https:\/\/www.enecon.net.co\/web\/wp-content\/uploads\/2025\/11\/2025-11-21-Banner-01-768x412.jpg 768w, https:\/\/www.enecon.net.co\/web\/wp-content\/uploads\/2025\/11\/2025-11-21-Banner-01.jpg 1201w\" sizes=\"auto, (max-width: 1024px) 100vw, 1024px\" \/><\/figure>\n\n\n\n<h3 class=\"wp-block-heading\"><\/h3>\n\n\n\n<p>El proyecto de Mantenimiento Forestal no es solo una operaci\u00f3n m\u00e1s dentro de Enecon: es una labor que mueve a Colombia todos los d\u00edas. Sus equipos garantizan que miles de kil\u00f3metros de redes el\u00e9ctricas sigan funcionando, que los municipios tengan energ\u00eda sin interrupciones y que el pa\u00eds avance con seguridad y continuidad.<\/p>\n\n\n\n<p>Por su tama\u00f1o, complejidad e impacto, es tambi\u00e9n una de las operaciones m\u00e1s estrat\u00e9gicas \u2014y exigentes\u2014 de la compa\u00f1\u00eda. Y por ese mismo motivo, este a\u00f1o se convirti\u00f3 en una prioridad intervenirla con un enfoque renovado y profundamente humano.<\/p>\n\n\n\n<p>A ra\u00edz de su historial de accidentalidad, y del evento fatal que marc\u00f3 profundamente a la organizaci\u00f3n, dise\u00f1amos una estrategia exclusiva basada en el refuerzo positivo, la motivaci\u00f3n y la gamificaci\u00f3n, buscando transformar no solo indicadores, sino comportamientos y cultura.<\/p>\n\n\n\n<p><strong>\ud83c\udfaf Una estrategia enfocada en las personas<\/strong><\/p>\n\n\n\n<p>Entre octubre y noviembre de 2025, lanzamos una din\u00e1mica especial del #RetoYES dirigida a los colaboradores del \u00e1rea de Mantenimiento Forestal.<\/p>\n\n\n\n<p>Cada ayudante, oficial y encargado tuvo la oportunidad de participar, entendiendo que su aporte diario no solo sostiene nuestro servicio: sostiene al pa\u00eds.<\/p>\n\n\n\n<p>Trabajar en el bosque, en las alturas, en zonas rurales y de dif\u00edcil acceso, exige concentraci\u00f3n, precisi\u00f3n y valor. Por eso, m\u00e1s que un reto, esta estrategia fue un reconocimiento a quienes ponen el cuerpo y el coraz\u00f3n para que Colombia siga encendida.<\/p>\n\n\n\n<p><strong>\ud83c\udfc6 Resultados que inspiran<\/strong><\/p>\n\n\n\n<p>Las premiaciones se realizaron en las cuatro sedes operativas que representan la ruta natural donde este proyecto se despliega y mueve al pa\u00eds:<\/p>\n\n\n\n<div class=\"wp-block-columns is-layout-flex wp-container-core-columns-is-layout-9d6595d7 wp-block-columns-is-layout-flex\">\n<div class=\"wp-block-column is-layout-flow wp-block-column-is-layout-flow\"><div class=\"wp-block-image\">\n<figure class=\"aligncenter size-full is-resized\"><img loading=\"lazy\" decoding=\"async\" width=\"190\" height=\"190\" src=\"https:\/\/www.enecon.net.co\/web\/wp-content\/uploads\/2025\/11\/nordeste.png\" alt=\"\" class=\"wp-image-5356\" style=\"width:203px;height:auto\" srcset=\"https:\/\/www.enecon.net.co\/web\/wp-content\/uploads\/2025\/11\/nordeste.png 190w, https:\/\/www.enecon.net.co\/web\/wp-content\/uploads\/2025\/11\/nordeste-150x150.png 150w\" sizes=\"auto, (max-width: 190px) 100vw, 190px\" \/><\/figure>\n<\/div>\n\n\n<p class=\"has-text-align-center\">Nordeste: Cisneros, Vegach\u00ed, Amalfi, Maceo y Segovia.<\/p>\n\n\n\n<p class=\"has-text-align-center\"><\/p>\n\n\n\n<p class=\"has-text-align-center\"><\/p>\n<\/div>\n\n\n\n<div class=\"wp-block-column is-layout-flow wp-block-column-is-layout-flow\"><div class=\"wp-block-image\">\n<figure class=\"aligncenter size-full\"><img loading=\"lazy\" decoding=\"async\" width=\"190\" height=\"190\" src=\"https:\/\/www.enecon.net.co\/web\/wp-content\/uploads\/2025\/11\/occidente.png\" alt=\"\" class=\"wp-image-5357\" srcset=\"https:\/\/www.enecon.net.co\/web\/wp-content\/uploads\/2025\/11\/occidente.png 190w, https:\/\/www.enecon.net.co\/web\/wp-content\/uploads\/2025\/11\/occidente-150x150.png 150w\" sizes=\"auto, (max-width: 190px) 100vw, 190px\" \/><\/figure>\n<\/div>\n\n\n<p class=\"has-text-align-center\">Occidente: Santa Fe de Antioquia, Nech\u00ed y Ca\u00f1asgordas..<\/p>\n\n\n\n<p class=\"has-text-align-center\"><\/p>\n<\/div>\n\n\n\n<div class=\"wp-block-column is-layout-flow wp-block-column-is-layout-flow\"><div class=\"wp-block-image\">\n<figure class=\"aligncenter size-full is-resized\"><img loading=\"lazy\" decoding=\"async\" width=\"190\" height=\"190\" src=\"https:\/\/www.enecon.net.co\/web\/wp-content\/uploads\/2025\/11\/suroeste.png\" alt=\"\" class=\"wp-image-5358\" style=\"width:203px;height:auto\" srcset=\"https:\/\/www.enecon.net.co\/web\/wp-content\/uploads\/2025\/11\/suroeste.png 190w, https:\/\/www.enecon.net.co\/web\/wp-content\/uploads\/2025\/11\/suroeste-150x150.png 150w\" sizes=\"auto, (max-width: 190px) 100vw, 190px\" \/><\/figure>\n<\/div>\n\n\n<p class=\"has-text-align-center\">Suroeste: Betulia, T\u00e1mesis, Amag\u00e1, Andes y Ciudad Bol\u00edvar..<\/p>\n\n\n\n<p class=\"has-text-align-center\"><\/p>\n<\/div>\n\n\n\n<div class=\"wp-block-column is-layout-flow wp-block-column-is-layout-flow\"><div class=\"wp-block-image\">\n<figure class=\"aligncenter size-full is-resized\"><img loading=\"lazy\" decoding=\"async\" width=\"190\" height=\"190\" src=\"https:\/\/www.enecon.net.co\/web\/wp-content\/uploads\/2025\/11\/metropolitana.png\" alt=\"\" class=\"wp-image-5359\" style=\"width:203px;height:auto\" srcset=\"https:\/\/www.enecon.net.co\/web\/wp-content\/uploads\/2025\/11\/metropolitana.png 190w, https:\/\/www.enecon.net.co\/web\/wp-content\/uploads\/2025\/11\/metropolitana-150x150.png 150w\" sizes=\"auto, (max-width: 190px) 100vw, 190px\" \/><\/figure>\n<\/div>\n\n\n<p class=\"has-text-align-center\">Metropolitana: Medell\u00edn y su \u00e1rea de influencia.<\/p>\n<\/div>\n<\/div>\n\n\n\n<p class=\"has-medium-font-size\"><\/p>\n\n\n\n<p class=\"has-medium-font-size\"><strong>\u00a1Cifras que debes conocer!<\/strong><\/p>\n\n\n\n<h3 class=\"wp-block-heading has-small-font-size\"><\/h3>\n\n\n\n<div class=\"wp-block-media-text is-stacked-on-mobile\" style=\"grid-template-columns:24% auto\"><figure class=\"wp-block-media-text__media\"><img loading=\"lazy\" decoding=\"async\" width=\"190\" height=\"190\" src=\"https:\/\/www.enecon.net.co\/web\/wp-content\/uploads\/2025\/11\/560.png\" alt=\"\" class=\"wp-image-5362 size-full\" srcset=\"https:\/\/www.enecon.net.co\/web\/wp-content\/uploads\/2025\/11\/560.png 190w, https:\/\/www.enecon.net.co\/web\/wp-content\/uploads\/2025\/11\/560-150x150.png 150w\" sizes=\"auto, (max-width: 190px) 100vw, 190px\" \/><\/figure><div class=\"wp-block-media-text__content\">\n<p>\u00a0colaboradores participaron con compromiso y entusiasmo. Cada encuentro fue una muestra de orgullo y uni\u00f3n: celebramos la disciplina, la constancia y la responsabilidad de quienes saben que su trabajo garantiza energ\u00eda, progreso y bienestar para miles de familias colombianas.<\/p>\n\n\n\n<p>Los premios entregados\u2014que incluyeron bicicletas, ollas arroceras, hornos microondas, sanducheras, bonos y una moto Auteco Combat 100\u2014fueron un s\u00edmbolo de algo mucho m\u00e1s grande: nuestro agradecimiento por el esfuerzo de quienes mantienen en pie esta operaci\u00f3n que impulsa a Colombia.<\/p>\n\n\n\n<p><\/p>\n\n\n\n<p><\/p>\n<\/div><\/div>\n\n\n\n<p><\/p>\n\n\n\n<p><strong>\ud83d\udcac Historias que dejan huella<\/strong><\/p>\n\n\n\n<p>Cada nombre llamado en las premiaciones represent\u00f3 algo m\u00e1s que un resultado: represent\u00f3 una historia de valent\u00eda en campo, de aprendizaje y de trabajo en equipo.<\/p>\n\n\n\n<p>Desde Cisneros hasta Amag\u00e1, pasando por Segovia, Andes y Medell\u00edn, los testimonios reforzaron una verdad: cuando Mantenimiento Forestal trabaja con seguridad, Colombia avanza segura.<\/p>\n\n\n\n<p>Historias como las de Ramiro Garc\u00eda, Juan Esteban Salinas, Carlos Blanco o Johan Stiven Giraldo reflejan un liderazgo visible, comprometido y consciente. Ellos, como tantos otros, demostraron que la cultura de seguridad se fortalece cuando se vive d\u00eda a d\u00eda.<\/p>\n\n\n\n<p><strong>\ud83d\udc9a Un cierre con gratitud<\/strong><\/p>\n\n\n\n<p>El #RetoYES en Mantenimiento Forestal no solo nos dej\u00f3 aprendizajes: nos record\u00f3 que en esta operaci\u00f3n est\u00e1 parte del pulso que mueve a nuestro pa\u00eds. Y que el compromiso con la vida es el motor que hace que todo funcione.<\/p>\n\n\n\n<p>Gracias a cada colaborador que particip\u00f3, que jug\u00f3, que se cuid\u00f3 y que cuid\u00f3 a su equipo.<\/p>\n\n\n\n<p>Gracias por mover a Enecon.<\/p>\n\n\n\n<p>Gracias por mover a Colombia.<\/p>\n\n\n\n<p>Porque cuando ustedes se protegen, el pa\u00eds tambi\u00e9n.<\/p>\n\n\n\n<p>Y cada d\u00eda de trabajo seguro es un paso m\u00e1s hacia casa, hacia ese abrazo que siempre nos espera.<\/p>\n\n\n\n<figure class=\"wp-block-image size-full\"><img loading=\"lazy\" decoding=\"async\" width=\"1201\" height=\"645\" src=\"https:\/\/www.enecon.net.co\/web\/wp-content\/uploads\/2025\/11\/2025-11-21-Banner-03.jpg\" alt=\"\" class=\"wp-image-5363\" srcset=\"https:\/\/www.enecon.net.co\/web\/wp-content\/uploads\/2025\/11\/2025-11-21-Banner-03.jpg 1201w, https:\/\/www.enecon.net.co\/web\/wp-content\/uploads\/2025\/11\/2025-11-21-Banner-03-300x161.jpg 300w, https:\/\/www.enecon.net.co\/web\/wp-content\/uploads\/2025\/11\/2025-11-21-Banner-03-1024x550.jpg 1024w, https:\/\/www.enecon.net.co\/web\/wp-content\/uploads\/2025\/11\/2025-11-21-Banner-03-768x412.jpg 768w\" sizes=\"auto, (max-width: 1201px) 100vw, 1201px\" \/><\/figure>\n\n\n\n<p><strong>Descubre m\u00e1s sobre el #RetoYES 2025 en nuestro sitio web o sigui\u00e9ndonos en nuestras redes sociales. #SiempreConectados con tu bienestar.<\/strong><\/p>\n\n\n\n<h2 class=\"wp-block-heading has-text-align-center\">\u00a1Un abrazo te espera en casa!<\/h2>\n\n\n\n<div class=\"wp-block-columns is-layout-flex wp-container-core-columns-is-layout-9d6595d7 wp-block-columns-is-layout-flex\">\n<div class=\"wp-block-column is-layout-flow wp-block-column-is-layout-flow\"><div class=\"wp-block-image\">\n<figure class=\"alignleft size-full is-resized\"><a href=\"https:\/\/www.facebook.com\/eneconsas\" target=\"_blank\" rel=\"noopener\"><img loading=\"lazy\" decoding=\"async\" width=\"130\" height=\"130\" src=\"https:\/\/www.enecon.net.co\/web\/wp-content\/uploads\/2024\/09\/icono-face-1.png\" alt=\"\" class=\"wp-image-3365\" style=\"width:68px;height:auto\"\/><\/a><\/figure>\n<\/div><\/div>\n\n\n\n<div class=\"wp-block-column is-layout-flow wp-block-column-is-layout-flow\"><div class=\"wp-block-image\">\n<figure class=\"alignleft size-full is-resized\"><a href=\"https:\/\/www.instagram.com\/eneconsas\/ \" target=\"_blank\" rel=\"noopener\"><img loading=\"lazy\" decoding=\"async\" width=\"130\" height=\"130\" src=\"https:\/\/www.enecon.net.co\/web\/wp-content\/uploads\/2024\/09\/icono-insta-1.png\" alt=\"\" class=\"wp-image-3368\" style=\"width:68px;height:auto\"\/><\/a><\/figure>\n<\/div><\/div>\n\n\n\n<div class=\"wp-block-column is-layout-flow wp-block-column-is-layout-flow\"><div class=\"wp-block-image\">\n<figure class=\"alignleft size-full is-resized\"><a href=\"https:\/\/www.linkedin.com\/company\/40655434\/admin\/page-posts\/published\/ \" target=\"_blank\" rel=\"noopener\"><img loading=\"lazy\" decoding=\"async\" width=\"130\" height=\"130\" src=\"https:\/\/www.enecon.net.co\/web\/wp-content\/uploads\/2024\/09\/icono-linkd-1.png\" alt=\"\" class=\"wp-image-3369\" style=\"width:72px;height:auto\"\/><\/a><\/figure>\n<\/div><\/div>\n\n\n\n<div class=\"wp-block-column is-layout-flow wp-block-column-is-layout-flow\"><div class=\"wp-block-image\">\n<figure class=\"alignleft size-full is-resized\"><a href=\"https:\/\/www.youtube.com\/@enecons.a.s9462  \" target=\"_blank\" rel=\"noopener\"><img loading=\"lazy\" decoding=\"async\" width=\"130\" height=\"129\" src=\"https:\/\/www.enecon.net.co\/web\/wp-content\/uploads\/2024\/09\/icono-yt.png\" alt=\"\" class=\"wp-image-3370\" style=\"width:66px;height:auto\"\/><\/a><\/figure>\n<\/div><\/div>\n<\/div>\n\n\n\n<div style=\"height:25px\" aria-hidden=\"true\" class=\"wp-block-spacer\"><\/div>\n\n\n\n<figure class=\"wp-block-image size-large\"><img loading=\"lazy\" decoding=\"async\" width=\"1024\" height=\"369\" src=\"https:\/\/www.enecon.net.co\/web\/wp-content\/uploads\/2023\/07\/Enecon-Reto-YES-adiccion-drogas-y-alcohol-1-2-1024x369.jpg\" alt=\"Reto Yes enecon persona de frente colaborador\" class=\"wp-image-1893\" srcset=\"https:\/\/www.enecon.net.co\/web\/wp-content\/uploads\/2023\/07\/Enecon-Reto-YES-adiccion-drogas-y-alcohol-1-2-1024x369.jpg 1024w, https:\/\/www.enecon.net.co\/web\/wp-content\/uploads\/2023\/07\/Enecon-Reto-YES-adiccion-drogas-y-alcohol-1-2-300x108.jpg 300w, https:\/\/www.enecon.net.co\/web\/wp-content\/uploads\/2023\/07\/Enecon-Reto-YES-adiccion-drogas-y-alcohol-1-2-768x277.jpg 768w, https:\/\/www.enecon.net.co\/web\/wp-content\/uploads\/2023\/07\/Enecon-Reto-YES-adiccion-drogas-y-alcohol-1-2.jpg 1200w\" sizes=\"auto, (max-width: 1024px) 100vw, 1024px\" \/><\/figure>\n","protected":false},"excerpt":{"rendered":"<p>Cuatro zonas, m\u00e1s de 560 colaboradores y un solo prop\u00f3sito: fortalecer la cultura de seguridad en una de las operaciones que mueve a Colombia. El proyecto de Mantenimiento Forestal no es solo una operaci\u00f3n m\u00e1s dentro de Enecon: es una labor que mueve a Colombia todos los d\u00edas. Sus equipos garantizan que miles de kil\u00f3metros [&hellip;]<\/p>\n","protected":false},"author":1,"featured_media":5398,"comment_status":"closed","ping_status":"closed","sticky":false,"template":"","format":"standard","meta":{"content-type":"","_joinchat":[],"footnotes":""},"categories":[48],"tags":[],"class_list":["post-5355","post","type-post","status-publish","format-standard","has-post-thumbnail","hentry","category-restoyes"],"_links":{"self":[{"href":"https:\/\/www.enecon.net.co\/web\/wp-json\/wp\/v2\/posts\/5355","targetHints":{"allow":["GET"]}}],"collection":[{"href":"https:\/\/www.enecon.net.co\/web\/wp-json\/wp\/v2\/posts"}],"about":[{"href":"https:\/\/www.enecon.net.co\/web\/wp-json\/wp\/v2\/types\/post"}],"author":[{"embeddable":true,"href":"https:\/\/www.enecon.net.co\/web\/wp-json\/wp\/v2\/users\/1"}],"replies":[{"embeddable":true,"href":"https:\/\/www.enecon.net.co\/web\/wp-json\/wp\/v2\/comments?post=5355"}],"version-history":[{"count":2,"href":"https:\/\/www.enecon.net.co\/web\/wp-json\/wp\/v2\/posts\/5355\/revisions"}],"predecessor-version":[{"id":5368,"href":"https:\/\/www.enecon.net.co\/web\/wp-json\/wp\/v2\/posts\/5355\/revisions\/5368"}],"wp:featuredmedia":[{"embeddable":true,"href":"https:\/\/www.enecon.net.co\/web\/wp-json\/wp\/v2\/media\/5398"}],"wp:attachment":[{"href":"https:\/\/www.enecon.net.co\/web\/wp-json\/wp\/v2\/media?parent=5355"}],"wp:term":[{"taxonomy":"category","embeddable":true,"href":"https:\/\/www.enecon.net.co\/web\/wp-json\/wp\/v2\/categories?post=5355"},{"taxonomy":"post_tag","embeddable":true,"href":"https:\/\/www.enecon.net.co\/web\/wp-json\/wp\/v2\/tags?post=5355"}],"curies":[{"name":"wp","href":"https:\/\/api.w.org\/{rel}","templated":true}]}}