{"id":5039,"date":"2025-09-07T16:25:00","date_gmt":"2025-09-07T21:25:00","guid":{"rendered":"https:\/\/www.enecon.net.co\/web\/?p=5039"},"modified":"2025-09-08T07:43:42","modified_gmt":"2025-09-08T12:43:42","slug":"runner-de-alto-voltaje-enecon-le-puso-energia-a-medellin","status":"publish","type":"post","link":"https:\/\/www.enecon.net.co\/web\/runner-de-alto-voltaje-enecon-le-puso-energia-a-medellin\/","title":{"rendered":"Runner de Alto Voltaje: Enecon le puso energ\u00eda a Medell\u00edn"},"content":{"rendered":"\n<p>El pasado s\u00e1bado 30 de agosto, Medell\u00edn vivi\u00f3 un evento que conect\u00f3 deporte, comunidad y empresa. Enecon, en su prop\u00f3sito de generar experiencias que trascienden, organiz\u00f3 el Runner de Alto Voltaje 2025, una carrera que reuni\u00f3 a m\u00e1s de 300 atletas en el Museo de Arte Moderno de Medell\u00edn, un escenario que combina arte, cultura e innovaci\u00f3n, perfecto para reflejar la esencia de la compa\u00f1\u00eda.<\/p>\n\n\n\n<p><strong>Enecon: m\u00e1s all\u00e1 de la energ\u00eda<\/strong><\/p>\n\n\n\n<p>Con esta iniciativa, Enecon demostr\u00f3 que su papel va m\u00e1s all\u00e1 de la instalaci\u00f3n de paneles solares, la poda el\u00e9ctrica o las telecomunicaciones. El Runner de Alto Voltaje fue concebido como un espacio para proyectar la marca en un entorno distinto, reafirmando su capacidad de mover a las personas tanto en el terreno laboral como en el personal.<\/p>\n\n\n\n<figure class=\"wp-block-image size-large\"><img loading=\"lazy\" decoding=\"async\" width=\"1024\" height=\"550\" src=\"https:\/\/www.enecon.net.co\/web\/wp-content\/uploads\/2025\/09\/portada-1-1-1024x550.jpg\" alt=\"\" class=\"wp-image-5041\" srcset=\"https:\/\/www.enecon.net.co\/web\/wp-content\/uploads\/2025\/09\/portada-1-1-1024x550.jpg 1024w, https:\/\/www.enecon.net.co\/web\/wp-content\/uploads\/2025\/09\/portada-1-1-300x161.jpg 300w, https:\/\/www.enecon.net.co\/web\/wp-content\/uploads\/2025\/09\/portada-1-1-768x412.jpg 768w, https:\/\/www.enecon.net.co\/web\/wp-content\/uploads\/2025\/09\/portada-1-1.jpg 1201w\" sizes=\"auto, (max-width: 1024px) 100vw, 1024px\" \/><\/figure>\n\n\n\n<p><strong>Los objetivos del evento se enfocaron en cuatro grandes pilares:<\/strong><\/p>\n\n\n\n<ol class=\"wp-block-list\">\n<li>Posicionamiento y visibilidad de marca: Enecon mostr\u00f3 que es una empresa cercana, innovadora y con energ\u00eda para conectar con distintos p\u00fablicos.<\/li>\n<\/ol>\n\n\n\n<ol start=\"2\" class=\"wp-block-list\">\n<li>Responsabilidad Social Empresarial (RSE): la carrera promovi\u00f3 h\u00e1bitos saludables y foment\u00f3 una cultura de bienestar y cuidado.<\/li>\n<\/ol>\n\n\n\n<ol start=\"3\" class=\"wp-block-list\">\n<li>Networking y relaciones: el evento sirvi\u00f3 como puente para fortalecer v\u00ednculos con aliados estrat\u00e9gicos, colaboradores y nuevas audiencias.<\/li>\n<\/ol>\n\n\n\n<ol start=\"4\" class=\"wp-block-list\">\n<li>Orgullo corporativo: se convirti\u00f3 en una vitrina para demostrar que Enecon impulsa no solo proyectos energ\u00e9ticos, sino tambi\u00e9n experiencias que generan impacto.<\/li>\n<\/ol>\n\n\n\n<p><strong>Medell\u00edn corri\u00f3 con Enecon<\/strong><\/p>\n\n\n\n<p>La elecci\u00f3n de Medell\u00edn y, en particular, del Museo de Arte Moderno, no fue casual. Este lugar es un s\u00edmbolo de creatividad y transformaci\u00f3n, valores que tambi\u00e9n inspiran el camino de Enecon. Ver a cientos de corredores avanzar por las calles fue la mejor met\u00e1fora de lo que la compa\u00f1\u00eda busca transmitir: que la energ\u00eda se comparte, se vive y se multiplica cuando se construye en comunidad.<\/p>\n\n\n\n<p><strong>Somos la ingenier\u00eda que conecta desde el deporte<\/strong><\/p>\n\n\n\n<p>El Runner de Alto Voltaje 2025 dej\u00f3 claro que Enecon est\u00e1 comprometido con abrir nuevos espacios de interacci\u00f3n y cercan\u00eda. M\u00e1s que una carrera, fue una declaraci\u00f3n de intenciones: la empresa seguir\u00e1 generando iniciativas que fortalezcan la uni\u00f3n, el bienestar y la confianza con quienes hacen parte de su ecosistema.<\/p>\n\n\n\n<p>Por eso, en Enecon llevamos 37 a\u00f1os moviendo a Colombia, y lo seguiremos haciendo con la misma energ\u00eda que nos impulsa en cada proyecto y en cada paso. \u26a1\ud83c\udde8\ud83c\uddf4<\/p>\n\n\n\n<figure class=\"wp-block-image size-large\"><img loading=\"lazy\" decoding=\"async\" width=\"1024\" height=\"550\" src=\"https:\/\/www.enecon.net.co\/web\/wp-content\/uploads\/2025\/09\/portada-3-1024x550.jpg\" alt=\"\" class=\"wp-image-5042\" srcset=\"https:\/\/www.enecon.net.co\/web\/wp-content\/uploads\/2025\/09\/portada-3-1024x550.jpg 1024w, https:\/\/www.enecon.net.co\/web\/wp-content\/uploads\/2025\/09\/portada-3-300x161.jpg 300w, https:\/\/www.enecon.net.co\/web\/wp-content\/uploads\/2025\/09\/portada-3-768x412.jpg 768w, https:\/\/www.enecon.net.co\/web\/wp-content\/uploads\/2025\/09\/portada-3.jpg 1201w\" sizes=\"auto, (max-width: 1024px) 100vw, 1024px\" \/><\/figure>\n\n\n\n<div class=\"wp-block-columns is-layout-flex wp-container-core-columns-is-layout-9d6595d7 wp-block-columns-is-layout-flex\">\n<div class=\"wp-block-column is-layout-flow wp-block-column-is-layout-flow\"><div class=\"wp-block-image\">\n<figure class=\"alignleft size-full is-resized\"><a href=\"https:\/\/www.facebook.com\/eneconsas\" target=\"_blank\" rel=\"noopener\"><img loading=\"lazy\" decoding=\"async\" width=\"130\" height=\"130\" src=\"https:\/\/www.enecon.net.co\/web\/wp-content\/uploads\/2024\/09\/icono-face-1.png\" alt=\"\" class=\"wp-image-3365\" style=\"width:68px;height:auto\"\/><\/a><\/figure>\n<\/div><\/div>\n\n\n\n<div class=\"wp-block-column is-layout-flow wp-block-column-is-layout-flow\"><div class=\"wp-block-image\">\n<figure class=\"alignleft size-full is-resized\"><a href=\"https:\/\/www.instagram.com\/eneconsas\/ \" target=\"_blank\" rel=\"noopener\"><img loading=\"lazy\" decoding=\"async\" width=\"130\" height=\"130\" src=\"https:\/\/www.enecon.net.co\/web\/wp-content\/uploads\/2024\/09\/icono-insta-1.png\" alt=\"\" class=\"wp-image-3368\" style=\"width:68px;height:auto\"\/><\/a><\/figure>\n<\/div><\/div>\n\n\n\n<div class=\"wp-block-column is-layout-flow wp-block-column-is-layout-flow\"><div class=\"wp-block-image\">\n<figure class=\"alignleft size-full is-resized\"><a href=\"https:\/\/www.linkedin.com\/company\/40655434\/admin\/page-posts\/published\/ \" target=\"_blank\" rel=\"noopener\"><img loading=\"lazy\" decoding=\"async\" width=\"130\" height=\"130\" src=\"https:\/\/www.enecon.net.co\/web\/wp-content\/uploads\/2024\/09\/icono-linkd-1.png\" alt=\"\" class=\"wp-image-3369\" style=\"width:72px;height:auto\"\/><\/a><\/figure>\n<\/div><\/div>\n\n\n\n<div class=\"wp-block-column is-layout-flow wp-block-column-is-layout-flow\"><div class=\"wp-block-image\">\n<figure class=\"alignleft size-full is-resized\"><a href=\"https:\/\/www.youtube.com\/@enecons.a.s9462  \" target=\"_blank\" rel=\"noopener\"><img loading=\"lazy\" decoding=\"async\" width=\"130\" height=\"129\" src=\"https:\/\/www.enecon.net.co\/web\/wp-content\/uploads\/2024\/09\/icono-yt.png\" alt=\"\" class=\"wp-image-3370\" style=\"width:66px;height:auto\"\/><\/a><\/figure>\n<\/div><\/div>\n<\/div>\n","protected":false},"excerpt":{"rendered":"<p>El pasado s\u00e1bado 30 de agosto, Medell\u00edn vivi\u00f3 un evento que conect\u00f3 deporte, comunidad y empresa. Enecon, en su prop\u00f3sito de generar experiencias que trascienden, organiz\u00f3 el Runner de Alto Voltaje 2025, una carrera que reuni\u00f3 a m\u00e1s de 300 atletas en el Museo de Arte Moderno de Medell\u00edn, un escenario que combina arte, cultura [&hellip;]<\/p>\n","protected":false},"author":1,"featured_media":5040,"comment_status":"closed","ping_status":"closed","sticky":false,"template":"","format":"standard","meta":{"content-type":"","_joinchat":[],"footnotes":""},"categories":[50,60],"tags":[65],"class_list":["post-5039","post","type-post","status-publish","format-standard","has-post-thumbnail","hentry","category-actualidad","category-noticias","tag-encuentro-de-lideres"],"_links":{"self":[{"href":"https:\/\/www.enecon.net.co\/web\/wp-json\/wp\/v2\/posts\/5039","targetHints":{"allow":["GET"]}}],"collection":[{"href":"https:\/\/www.enecon.net.co\/web\/wp-json\/wp\/v2\/posts"}],"about":[{"href":"https:\/\/www.enecon.net.co\/web\/wp-json\/wp\/v2\/types\/post"}],"author":[{"embeddable":true,"href":"https:\/\/www.enecon.net.co\/web\/wp-json\/wp\/v2\/users\/1"}],"replies":[{"embeddable":true,"href":"https:\/\/www.enecon.net.co\/web\/wp-json\/wp\/v2\/comments?post=5039"}],"version-history":[{"count":1,"href":"https:\/\/www.enecon.net.co\/web\/wp-json\/wp\/v2\/posts\/5039\/revisions"}],"predecessor-version":[{"id":5043,"href":"https:\/\/www.enecon.net.co\/web\/wp-json\/wp\/v2\/posts\/5039\/revisions\/5043"}],"wp:featuredmedia":[{"embeddable":true,"href":"https:\/\/www.enecon.net.co\/web\/wp-json\/wp\/v2\/media\/5040"}],"wp:attachment":[{"href":"https:\/\/www.enecon.net.co\/web\/wp-json\/wp\/v2\/media?parent=5039"}],"wp:term":[{"taxonomy":"category","embeddable":true,"href":"https:\/\/www.enecon.net.co\/web\/wp-json\/wp\/v2\/categories?post=5039"},{"taxonomy":"post_tag","embeddable":true,"href":"https:\/\/www.enecon.net.co\/web\/wp-json\/wp\/v2\/tags?post=5039"}],"curies":[{"name":"wp","href":"https:\/\/api.w.org\/{rel}","templated":true}]}}