{"id":5023,"date":"2025-09-08T12:18:46","date_gmt":"2025-09-08T17:18:46","guid":{"rendered":"https:\/\/www.enecon.net.co\/web\/?p=5023"},"modified":"2025-09-17T10:19:16","modified_gmt":"2025-09-17T15:19:16","slug":"como-lograr-el-retoyes-en-la-gestion-ambiental","status":"publish","type":"post","link":"https:\/\/www.enecon.net.co\/web\/como-lograr-el-retoyes-en-la-gestion-ambiental\/","title":{"rendered":"\u00bfC\u00f3mo lograr el #RetoYES en la Gesti\u00f3n Ambiental?"},"content":{"rendered":"\n<h3 class=\"wp-block-heading has-large-font-size\">#RetoYES es compromiso, prevenci\u00f3n y acci\u00f3n para un manejo seguro de residuos y sustancias qu\u00edmicas.<\/h3>\n\n\n\n<h3 class=\"wp-block-heading\"><\/h3>\n\n\n\n<p>En Enecon, sabemos que la seguridad y la sostenibilidad van de la mano. Un manejo inadecuado de residuos o qu\u00edmicos no solo representa un riesgo para la salud de los trabajadores, sino tambi\u00e9n un impacto negativo en el ambiente. Por eso, este ciclo del #RetoYES se centra en sensibilizar y capacitar de forma clara, visual y pr\u00e1ctica sobre c\u00f3mo gestionar correctamente los residuos y sustancias qu\u00edmicas, promoviendo una cultura de orden, responsabilidad y cuidado colectivo.<\/p>\n\n\n\n<p>Una gesti\u00f3n ambiental responsable se construye con acciones constantes, participaci\u00f3n activa y la voluntad de cuidarnos entre todos.<\/p>\n\n\n\n<div class=\"wp-block-columns is-layout-flex wp-container-core-columns-is-layout-9d6595d7 wp-block-columns-is-layout-flex\">\n<div class=\"wp-block-column is-layout-flow wp-block-column-is-layout-flow\" style=\"flex-basis:100%\"><\/div>\n<\/div>\n\n\n\n<p class=\"has-medium-font-size\"><strong>Temas clave para este #RetoYES<\/strong><\/p>\n\n\n\n<div class=\"wp-block-columns is-layout-flex wp-container-core-columns-is-layout-9d6595d7 wp-block-columns-is-layout-flex\">\n<div class=\"wp-block-column is-layout-flow wp-block-column-is-layout-flow\" style=\"flex-basis:100%\">\n<div class=\"wp-block-group is-vertical is-content-justification-right is-layout-flex wp-container-core-group-is-layout-fe11845c wp-block-group-is-layout-flex\">\n<p class=\"has-text-align-center\"><\/p>\n\n\n\n<div class=\"wp-block-columns is-layout-flex wp-container-core-columns-is-layout-9d6595d7 wp-block-columns-is-layout-flex\">\n<div class=\"wp-block-column is-layout-flow wp-block-column-is-layout-flow\"><div class=\"wp-block-image\">\n<figure class=\"aligncenter size-full is-resized\"><img loading=\"lazy\" decoding=\"async\" width=\"190\" height=\"190\" src=\"https:\/\/www.enecon.net.co\/web\/wp-content\/uploads\/2025\/09\/Clasificacion-y-disposicion-de-residuo.png\" alt=\"\" class=\"wp-image-5185\" style=\"width:203px;height:auto\" srcset=\"https:\/\/www.enecon.net.co\/web\/wp-content\/uploads\/2025\/09\/Clasificacion-y-disposicion-de-residuo.png 190w, https:\/\/www.enecon.net.co\/web\/wp-content\/uploads\/2025\/09\/Clasificacion-y-disposicion-de-residuo-150x150.png 150w\" sizes=\"auto, (max-width: 190px) 100vw, 190px\" \/><\/figure>\n<\/div>\n\n\n<p class=\"has-text-align-center\"><strong>Clasificaci\u00f3n y disposici\u00f3n de residuos:<\/strong> separar aprovechables, no aprovechables y peligrosos<\/p>\n\n\n\n<p class=\"has-text-align-center\"><\/p>\n\n\n\n<p class=\"has-text-align-center\"><\/p>\n<\/div>\n\n\n\n<div class=\"wp-block-column is-layout-flow wp-block-column-is-layout-flow\"><div class=\"wp-block-image\">\n<figure class=\"aligncenter size-full is-resized\"><img loading=\"lazy\" decoding=\"async\" width=\"190\" height=\"190\" src=\"https:\/\/www.enecon.net.co\/web\/wp-content\/uploads\/2025\/09\/Almacenamiento-seguro-de-quimicos-1.png\" alt=\"\" class=\"wp-image-5193\" style=\"width:203px;height:auto\" srcset=\"https:\/\/www.enecon.net.co\/web\/wp-content\/uploads\/2025\/09\/Almacenamiento-seguro-de-quimicos-1.png 190w, https:\/\/www.enecon.net.co\/web\/wp-content\/uploads\/2025\/09\/Almacenamiento-seguro-de-quimicos-1-150x150.png 150w\" sizes=\"auto, (max-width: 190px) 100vw, 190px\" \/><\/figure>\n<\/div>\n\n\n<p class=\"has-text-align-center\"><strong>Almacenamiento seguro de qu\u00edmicos:<\/strong> envases rotulados, en buen estado y en lugares ventilados.<\/p>\n\n\n\n<p class=\"has-text-align-center\"><\/p>\n<\/div>\n\n\n\n<div class=\"wp-block-column is-layout-flow wp-block-column-is-layout-flow\"><div class=\"wp-block-image\">\n<figure class=\"aligncenter size-full is-resized\"><img loading=\"lazy\" decoding=\"async\" width=\"190\" height=\"190\" src=\"https:\/\/www.enecon.net.co\/web\/wp-content\/uploads\/2025\/09\/derrames-1.png\" alt=\"\" class=\"wp-image-5187\" style=\"width:203px;height:auto\" srcset=\"https:\/\/www.enecon.net.co\/web\/wp-content\/uploads\/2025\/09\/derrames-1.png 190w, https:\/\/www.enecon.net.co\/web\/wp-content\/uploads\/2025\/09\/derrames-1-150x150.png 150w\" sizes=\"auto, (max-width: 190px) 100vw, 190px\" \/><\/figure>\n<\/div>\n\n\n<p class=\"has-text-align-center\"><strong>Manejo de derrames y emergencias:<\/strong> aplicar protocolos de respuesta inmediata.<\/p>\n\n\n\n<p class=\"has-text-align-center\"><\/p>\n<\/div>\n\n\n\n<div class=\"wp-block-column is-layout-flow wp-block-column-is-layout-flow\"><div class=\"wp-block-image\">\n<figure class=\"aligncenter size-full is-resized\"><img loading=\"lazy\" decoding=\"async\" width=\"190\" height=\"190\" src=\"https:\/\/www.enecon.net.co\/web\/wp-content\/uploads\/2025\/09\/ejemplo-para-tu-equipo.png\" alt=\"\" class=\"wp-image-5037\" style=\"width:203px;height:auto\" srcset=\"https:\/\/www.enecon.net.co\/web\/wp-content\/uploads\/2025\/09\/ejemplo-para-tu-equipo.png 190w, https:\/\/www.enecon.net.co\/web\/wp-content\/uploads\/2025\/09\/ejemplo-para-tu-equipo-150x150.png 150w\" sizes=\"auto, (max-width: 190px) 100vw, 190px\" \/><\/figure>\n<\/div>\n\n\n<p class=\"has-text-align-center\"><strong>Uso correcto del EPP:<\/strong> guantes, gafas y respiradores seg\u00fan la tarea.<\/p>\n<\/div>\n\n\n\n<div class=\"wp-block-column is-layout-flow wp-block-column-is-layout-flow\"><div class=\"wp-block-image\">\n<figure class=\"aligncenter size-full is-resized\"><img loading=\"lazy\" decoding=\"async\" width=\"190\" height=\"190\" src=\"https:\/\/www.enecon.net.co\/web\/wp-content\/uploads\/2025\/09\/capacitaciones.png\" alt=\"\" class=\"wp-image-5034\" style=\"width:203px;height:auto\" srcset=\"https:\/\/www.enecon.net.co\/web\/wp-content\/uploads\/2025\/09\/capacitaciones.png 190w, https:\/\/www.enecon.net.co\/web\/wp-content\/uploads\/2025\/09\/capacitaciones-150x150.png 150w\" sizes=\"auto, (max-width: 190px) 100vw, 190px\" \/><\/figure>\n<\/div>\n\n\n<p class=\"has-text-align-center\"><strong>Cultura del orden y limpieza:<\/strong> \u00e1reas despejadas y libres de contaminantes.<\/p>\n\n\n\n<p class=\"has-text-align-center\"><\/p>\n\n\n\n<p class=\"has-text-align-center\"><\/p>\n\n\n\n<p class=\"has-text-align-center\"><\/p>\n\n\n\n<p class=\"has-text-align-center\"><\/p>\n<\/div>\n<\/div>\n\n\n\n<div class=\"wp-block-columns is-layout-flex wp-container-core-columns-is-layout-9d6595d7 wp-block-columns-is-layout-flex\">\n<div class=\"wp-block-column is-layout-flow wp-block-column-is-layout-flow\" style=\"flex-basis:25%\"><\/div>\n\n\n\n<div class=\"wp-block-column is-layout-flow wp-block-column-is-layout-flow\" style=\"flex-basis:50%\"><\/div>\n\n\n\n<div class=\"wp-block-column is-layout-flow wp-block-column-is-layout-flow\" style=\"flex-basis:25%\"><\/div>\n<\/div>\n<\/div>\n<\/div>\n<\/div>\n\n\n\n<p class=\"has-medium-font-size\"><\/p>\n\n\n\n<p class=\"has-medium-font-size\"><strong>\u00bfCu\u00e1les son los riesgos?<\/strong><\/p>\n\n\n\n<div class=\"wp-block-group is-vertical is-content-justification-right is-layout-flex wp-container-core-group-is-layout-fe11845c wp-block-group-is-layout-flex\">\n<p class=\"has-text-align-center\"><\/p>\n\n\n\n<div class=\"wp-block-columns is-layout-flex wp-container-core-columns-is-layout-9d6595d7 wp-block-columns-is-layout-flex\">\n<div class=\"wp-block-column is-vertically-aligned-top is-layout-flow wp-block-column-is-layout-flow\"><div class=\"wp-block-image\">\n<figure class=\"aligncenter size-full is-resized\"><img loading=\"lazy\" decoding=\"async\" width=\"190\" height=\"190\" src=\"https:\/\/www.enecon.net.co\/web\/wp-content\/uploads\/2025\/09\/exposicion-sustancias-quimicas-2.png\" alt=\"\" class=\"wp-image-5188\" style=\"width:203px;height:auto\" srcset=\"https:\/\/www.enecon.net.co\/web\/wp-content\/uploads\/2025\/09\/exposicion-sustancias-quimicas-2.png 190w, https:\/\/www.enecon.net.co\/web\/wp-content\/uploads\/2025\/09\/exposicion-sustancias-quimicas-2-150x150.png 150w\" sizes=\"auto, (max-width: 190px) 100vw, 190px\" \/><\/figure>\n<\/div>\n\n\n<p class=\"has-text-align-center\">Exposici\u00f3n a qu\u00edmicos que causan irritaciones, quemaduras o intoxicaciones.<\/p>\n\n\n\n<p class=\"has-text-align-center\"><\/p>\n\n\n\n<p class=\"has-text-align-center\"><\/p>\n<\/div>\n\n\n\n<div class=\"wp-block-column is-vertically-aligned-top is-layout-flow wp-block-column-is-layout-flow\"><div class=\"wp-block-image\">\n<figure class=\"aligncenter size-full is-resized\"><img loading=\"lazy\" decoding=\"async\" width=\"190\" height=\"190\" src=\"https:\/\/www.enecon.net.co\/web\/wp-content\/uploads\/2025\/09\/Manejo-de-derrames-y-emergencias-1.png\" alt=\"\" class=\"wp-image-5035\" style=\"width:203px;height:auto\" srcset=\"https:\/\/www.enecon.net.co\/web\/wp-content\/uploads\/2025\/09\/Manejo-de-derrames-y-emergencias-1.png 190w, https:\/\/www.enecon.net.co\/web\/wp-content\/uploads\/2025\/09\/Manejo-de-derrames-y-emergencias-1-150x150.png 150w\" sizes=\"auto, (max-width: 190px) 100vw, 190px\" \/><\/figure>\n<\/div>\n\n\n<p class=\"has-text-align-center\">Accidentes por derrames no controlados.<\/p>\n\n\n\n<p class=\"has-text-align-center\"><\/p>\n<\/div>\n\n\n\n<div class=\"wp-block-column is-vertically-aligned-top is-layout-flow wp-block-column-is-layout-flow\"><div class=\"wp-block-image\">\n<figure class=\"aligncenter size-full is-resized\"><img loading=\"lazy\" decoding=\"async\" width=\"190\" height=\"190\" src=\"https:\/\/www.enecon.net.co\/web\/wp-content\/uploads\/2025\/09\/afectaciones-ambientales-1.png\" alt=\"\" class=\"wp-image-5189\" style=\"width:203px;height:auto\" srcset=\"https:\/\/www.enecon.net.co\/web\/wp-content\/uploads\/2025\/09\/afectaciones-ambientales-1.png 190w, https:\/\/www.enecon.net.co\/web\/wp-content\/uploads\/2025\/09\/afectaciones-ambientales-1-150x150.png 150w\" sizes=\"auto, (max-width: 190px) 100vw, 190px\" \/><\/figure>\n<\/div>\n\n\n<p class=\"has-text-align-center\">Impacto ambiental por disposici\u00f3n inadecuada de residuos.<\/p>\n\n\n\n<p class=\"has-text-align-center\"><\/p>\n<\/div>\n\n\n\n<div class=\"wp-block-column is-vertically-aligned-top is-layout-flow wp-block-column-is-layout-flow\"><div class=\"wp-block-image\">\n<figure class=\"aligncenter size-full is-resized\"><img loading=\"lazy\" decoding=\"async\" width=\"190\" height=\"190\" src=\"https:\/\/www.enecon.net.co\/web\/wp-content\/uploads\/2025\/09\/plagas-1.png\" alt=\"\" class=\"wp-image-5190\" style=\"width:203px;height:auto\" srcset=\"https:\/\/www.enecon.net.co\/web\/wp-content\/uploads\/2025\/09\/plagas-1.png 190w, https:\/\/www.enecon.net.co\/web\/wp-content\/uploads\/2025\/09\/plagas-1-150x150.png 150w\" sizes=\"auto, (max-width: 190px) 100vw, 190px\" \/><\/figure>\n<\/div>\n\n\n<p class=\"has-text-align-center\">Aumento de plagas por acumulaci\u00f3n de org\u00e1nicos.<\/p>\n<\/div>\n\n\n\n<div class=\"wp-block-column is-vertically-aligned-top is-layout-flow wp-block-column-is-layout-flow\"><div class=\"wp-block-image\">\n<figure class=\"aligncenter size-full is-resized\"><img loading=\"lazy\" decoding=\"async\" width=\"190\" height=\"190\" src=\"https:\/\/www.enecon.net.co\/web\/wp-content\/uploads\/2025\/09\/incendios-1.png\" alt=\"\" class=\"wp-image-5191\" style=\"width:203px;height:auto\" srcset=\"https:\/\/www.enecon.net.co\/web\/wp-content\/uploads\/2025\/09\/incendios-1.png 190w, https:\/\/www.enecon.net.co\/web\/wp-content\/uploads\/2025\/09\/incendios-1-150x150.png 150w\" sizes=\"auto, (max-width: 190px) 100vw, 190px\" \/><\/figure>\n<\/div>\n\n\n<p class=\"has-text-align-center\">Riesgo de incendios por mal almacenamiento de inflamables<\/p>\n\n\n\n<p class=\"has-text-align-center\"><\/p>\n\n\n\n<p class=\"has-text-align-center\"><\/p>\n\n\n\n<p class=\"has-text-align-center\"><\/p>\n\n\n\n<p class=\"has-text-align-center\"><\/p>\n<\/div>\n<\/div>\n\n\n\n<div class=\"wp-block-columns is-layout-flex wp-container-core-columns-is-layout-9d6595d7 wp-block-columns-is-layout-flex\">\n<div class=\"wp-block-column is-layout-flow wp-block-column-is-layout-flow\" style=\"flex-basis:25%\"><\/div>\n\n\n\n<div class=\"wp-block-column is-layout-flow wp-block-column-is-layout-flow\" style=\"flex-basis:50%\"><\/div>\n\n\n\n<div class=\"wp-block-column is-layout-flow wp-block-column-is-layout-flow\" style=\"flex-basis:25%\"><\/div>\n<\/div>\n<\/div>\n\n\n\n<p class=\"has-medium-font-size\"><strong>\u00bfC\u00f3mo lograr el #RetoYES?<\/strong><\/p>\n\n\n\n<div class=\"wp-block-group is-vertical is-content-justification-right is-layout-flex wp-container-core-group-is-layout-fe11845c wp-block-group-is-layout-flex\">\n<p class=\"has-text-align-center\"><\/p>\n\n\n\n<div class=\"wp-block-columns is-layout-flex wp-container-core-columns-is-layout-9d6595d7 wp-block-columns-is-layout-flex\">\n<div class=\"wp-block-column is-vertically-aligned-top is-layout-flow wp-block-column-is-layout-flow\"><div class=\"wp-block-image\">\n<figure class=\"aligncenter size-full is-resized\"><img loading=\"lazy\" decoding=\"async\" width=\"190\" height=\"190\" src=\"https:\/\/www.enecon.net.co\/web\/wp-content\/uploads\/2025\/09\/capacitaciones.png\" alt=\"\" class=\"wp-image-5034\" style=\"width:203px;height:auto\" srcset=\"https:\/\/www.enecon.net.co\/web\/wp-content\/uploads\/2025\/09\/capacitaciones.png 190w, https:\/\/www.enecon.net.co\/web\/wp-content\/uploads\/2025\/09\/capacitaciones-150x150.png 150w\" sizes=\"auto, (max-width: 190px) 100vw, 190px\" \/><\/figure>\n<\/div>\n\n\n<p class=\"has-text-align-center\">Participa en las capacitaciones breves y visuales sobre gesti\u00f3n de residuos y qu\u00edmicos.<\/p>\n\n\n\n<p class=\"has-text-align-center\"><\/p>\n\n\n\n<p class=\"has-text-align-center\"><\/p>\n<\/div>\n\n\n\n<div class=\"wp-block-column is-vertically-aligned-top is-layout-flow wp-block-column-is-layout-flow\"><div class=\"wp-block-image\">\n<figure class=\"aligncenter size-full is-resized\"><img loading=\"lazy\" decoding=\"async\" width=\"190\" height=\"190\" src=\"https:\/\/www.enecon.net.co\/web\/wp-content\/uploads\/2025\/09\/cultura-de-orden-y-limpieza-1.png\" alt=\"\" class=\"wp-image-5192\" style=\"width:203px;height:auto\" srcset=\"https:\/\/www.enecon.net.co\/web\/wp-content\/uploads\/2025\/09\/cultura-de-orden-y-limpieza-1.png 190w, https:\/\/www.enecon.net.co\/web\/wp-content\/uploads\/2025\/09\/cultura-de-orden-y-limpieza-1-150x150.png 150w\" sizes=\"auto, (max-width: 190px) 100vw, 190px\" \/><\/figure>\n<\/div>\n\n\n<p class=\"has-text-align-center\">Aplica lo aprendido: clasifica, rotula y manipula de manera responsable.<\/p>\n\n\n\n<p class=\"has-text-align-center\"><\/p>\n<\/div>\n\n\n\n<div class=\"wp-block-column is-vertically-aligned-top is-layout-flow wp-block-column-is-layout-flow\"><div class=\"wp-block-image\">\n<figure class=\"aligncenter size-full is-resized\"><img loading=\"lazy\" decoding=\"async\" width=\"190\" height=\"190\" src=\"https:\/\/www.enecon.net.co\/web\/wp-content\/uploads\/2025\/09\/Reporta-condiciones-inseguras.png\" alt=\"\" class=\"wp-image-5036\" style=\"width:203px;height:auto\" srcset=\"https:\/\/www.enecon.net.co\/web\/wp-content\/uploads\/2025\/09\/Reporta-condiciones-inseguras.png 190w, https:\/\/www.enecon.net.co\/web\/wp-content\/uploads\/2025\/09\/Reporta-condiciones-inseguras-150x150.png 150w\" sizes=\"auto, (max-width: 190px) 100vw, 190px\" \/><\/figure>\n<\/div>\n\n\n<p class=\"has-text-align-center\">Reporta condiciones inseguras y derrames de inmediato.<\/p>\n\n\n\n<p class=\"has-text-align-center\"><\/p>\n<\/div>\n\n\n\n<div class=\"wp-block-column is-vertically-aligned-top is-layout-flow wp-block-column-is-layout-flow\"><div class=\"wp-block-image\">\n<figure class=\"aligncenter size-full is-resized\"><img loading=\"lazy\" decoding=\"async\" width=\"190\" height=\"190\" src=\"https:\/\/www.enecon.net.co\/web\/wp-content\/uploads\/2025\/09\/ejemplo-para-tu-equipo.png\" alt=\"\" class=\"wp-image-5037\" style=\"width:203px;height:auto\" srcset=\"https:\/\/www.enecon.net.co\/web\/wp-content\/uploads\/2025\/09\/ejemplo-para-tu-equipo.png 190w, https:\/\/www.enecon.net.co\/web\/wp-content\/uploads\/2025\/09\/ejemplo-para-tu-equipo-150x150.png 150w\" sizes=\"auto, (max-width: 190px) 100vw, 190px\" \/><\/figure>\n<\/div>\n\n\n<p class=\"has-text-align-center\">S\u00e9 ejemplo para tu equipo: la gesti\u00f3n ambiental tambi\u00e9n es liderazgo<\/p>\n<\/div>\n<\/div>\n\n\n\n<div class=\"wp-block-columns is-layout-flex wp-container-core-columns-is-layout-9d6595d7 wp-block-columns-is-layout-flex\">\n<div class=\"wp-block-column is-layout-flow wp-block-column-is-layout-flow\" style=\"flex-basis:25%\"><\/div>\n\n\n\n<div class=\"wp-block-column is-layout-flow wp-block-column-is-layout-flow\" style=\"flex-basis:50%\"><\/div>\n\n\n\n<div class=\"wp-block-column is-layout-flow wp-block-column-is-layout-flow\" style=\"flex-basis:25%\"><\/div>\n<\/div>\n<\/div>\n\n\n\n<p class=\"has-medium-font-size\"><strong>\u00a1Cifras que debes conocer!<\/strong><\/p>\n\n\n\n<h3 class=\"wp-block-heading has-small-font-size\"><\/h3>\n\n\n\n<div class=\"wp-block-media-text is-stacked-on-mobile\" style=\"grid-template-columns:24% auto\"><figure class=\"wp-block-media-text__media\"><img loading=\"lazy\" decoding=\"async\" width=\"1024\" height=\"1024\" src=\"https:\/\/www.enecon.net.co\/web\/wp-content\/uploads\/2025\/09\/ICONO-40_Mesa-de-trabajo-1-1024x1024.png\" alt=\"\" class=\"wp-image-5057 size-full\" srcset=\"https:\/\/www.enecon.net.co\/web\/wp-content\/uploads\/2025\/09\/ICONO-40_Mesa-de-trabajo-1-1024x1024.png 1024w, https:\/\/www.enecon.net.co\/web\/wp-content\/uploads\/2025\/09\/ICONO-40_Mesa-de-trabajo-1-300x300.png 300w, https:\/\/www.enecon.net.co\/web\/wp-content\/uploads\/2025\/09\/ICONO-40_Mesa-de-trabajo-1-150x150.png 150w, https:\/\/www.enecon.net.co\/web\/wp-content\/uploads\/2025\/09\/ICONO-40_Mesa-de-trabajo-1-768x768.png 768w, https:\/\/www.enecon.net.co\/web\/wp-content\/uploads\/2025\/09\/ICONO-40_Mesa-de-trabajo-1-1536x1536.png 1536w, https:\/\/www.enecon.net.co\/web\/wp-content\/uploads\/2025\/09\/ICONO-40_Mesa-de-trabajo-1-2048x2048.png 2048w\" sizes=\"auto, (max-width: 1024px) 100vw, 1024px\" \/><\/figure><div class=\"wp-block-media-text__content\">\n<p>&nbsp;de los accidentes qu\u00edmicos en Colombia ocurren por falta de rotulaci\u00f3n y almacenamiento seguro (Consejo Colombiano de Seguridad, 2023). Esto significa que casi la mitad de los incidentes podr\u00edan evitarse con una acci\u00f3n tan sencilla como etiquetar correctamente los recipientes y mantenerlos en espacios adecuados.<\/p>\n\n\n\n<p><\/p>\n\n\n\n<p><\/p>\n<\/div><\/div>\n\n\n\n<p><\/p>\n\n\n\n<p>En Enecon, cada acci\u00f3n responsable cuenta. La gesti\u00f3n de residuos y qu\u00edmicos no es solo una obligaci\u00f3n legal, es una oportunidad real para proteger la vida, el ambiente y la sostenibilidad de nuestras operaciones. Cada colaborador tiene en sus manos la posibilidad de marcar la diferencia: desde clasificar correctamente los residuos en campo, hasta reportar a tiempo un derrame o mantener en orden el \u00e1rea de trabajo.<\/p>\n\n\n\n<p>El #RetoYES nos invita a mirar m\u00e1s all\u00e1 del d\u00eda a d\u00eda: a comprender que una peque\u00f1a acci\u00f3n de prevenci\u00f3n hoy puede evitar un accidente ma\u00f1ana; que un residuo mal dispuesto no solo afecta a un trabajador, sino a un ecosistema entero; y que un equipo consciente y formado tiene m\u00e1s fuerza para liderar el cambio que cualquier pol\u00edtica en papel.<\/p>\n\n\n\n<p>Sumarte al #RetoYES es trabajar con conciencia, proteger la naturaleza y regresar a casa sano y salvo. Significa reconocer que cuidar el planeta es tambi\u00e9n cuidar de nosotros mismos y de quienes nos rodean. Porque gestionar bien tambi\u00e9n es avanzar, y avanzar juntos nos asegura un futuro m\u00e1s limpio, seguro y sostenible para todos. \ud83c\udf0d\u267b\ufe0f\u26a1<\/p>\n\n\n\n<p>\u2728 \u201cCuando cuidamos el ambiente en cada tarea, tambi\u00e9n protegemos nuestra vida y la de quienes nos rodean<\/p>\n\n\n\n<figure class=\"wp-block-image size-large\"><img loading=\"lazy\" decoding=\"async\" width=\"1024\" height=\"550\" src=\"https:\/\/www.enecon.net.co\/web\/wp-content\/uploads\/2025\/09\/banner-01-18-1024x550.jpg\" alt=\"\" class=\"wp-image-5047\" srcset=\"https:\/\/www.enecon.net.co\/web\/wp-content\/uploads\/2025\/09\/banner-01-18-1024x550.jpg 1024w, https:\/\/www.enecon.net.co\/web\/wp-content\/uploads\/2025\/09\/banner-01-18-300x161.jpg 300w, https:\/\/www.enecon.net.co\/web\/wp-content\/uploads\/2025\/09\/banner-01-18-768x412.jpg 768w, https:\/\/www.enecon.net.co\/web\/wp-content\/uploads\/2025\/09\/banner-01-18.jpg 1201w\" sizes=\"auto, (max-width: 1024px) 100vw, 1024px\" \/><\/figure>\n\n\n\n<p><strong>Descubre m\u00e1s sobre el #RetoYES 2025 en nuestro sitio web o sigui\u00e9ndonos en nuestras redes sociales. #SiempreConectados con tu bienestar.<\/strong><\/p>\n\n\n\n<h2 class=\"wp-block-heading has-text-align-center\">\u00a1Un abrazo te espera en casa!<\/h2>\n\n\n\n<div class=\"wp-block-columns is-layout-flex wp-container-core-columns-is-layout-9d6595d7 wp-block-columns-is-layout-flex\">\n<div class=\"wp-block-column is-layout-flow wp-block-column-is-layout-flow\"><div class=\"wp-block-image\">\n<figure class=\"alignleft size-full is-resized\"><a href=\"https:\/\/www.facebook.com\/eneconsas\" target=\"_blank\" rel=\"noopener\"><img loading=\"lazy\" decoding=\"async\" width=\"130\" height=\"130\" src=\"https:\/\/www.enecon.net.co\/web\/wp-content\/uploads\/2024\/09\/icono-face-1.png\" alt=\"\" class=\"wp-image-3365\" style=\"width:68px;height:auto\"\/><\/a><\/figure>\n<\/div><\/div>\n\n\n\n<div class=\"wp-block-column is-layout-flow wp-block-column-is-layout-flow\"><div class=\"wp-block-image\">\n<figure class=\"alignleft size-full is-resized\"><a href=\"https:\/\/www.instagram.com\/eneconsas\/ \" target=\"_blank\" rel=\"noopener\"><img loading=\"lazy\" decoding=\"async\" width=\"130\" height=\"130\" src=\"https:\/\/www.enecon.net.co\/web\/wp-content\/uploads\/2024\/09\/icono-insta-1.png\" alt=\"\" class=\"wp-image-3368\" style=\"width:68px;height:auto\"\/><\/a><\/figure>\n<\/div><\/div>\n\n\n\n<div class=\"wp-block-column is-layout-flow wp-block-column-is-layout-flow\"><div class=\"wp-block-image\">\n<figure class=\"alignleft size-full is-resized\"><a href=\"https:\/\/www.linkedin.com\/company\/40655434\/admin\/page-posts\/published\/ \" target=\"_blank\" rel=\"noopener\"><img loading=\"lazy\" decoding=\"async\" width=\"130\" height=\"130\" src=\"https:\/\/www.enecon.net.co\/web\/wp-content\/uploads\/2024\/09\/icono-linkd-1.png\" alt=\"\" class=\"wp-image-3369\" style=\"width:72px;height:auto\"\/><\/a><\/figure>\n<\/div><\/div>\n\n\n\n<div class=\"wp-block-column is-layout-flow wp-block-column-is-layout-flow\"><div class=\"wp-block-image\">\n<figure class=\"alignleft size-full is-resized\"><a href=\"https:\/\/www.youtube.com\/@enecons.a.s9462  \" target=\"_blank\" rel=\"noopener\"><img loading=\"lazy\" decoding=\"async\" width=\"130\" height=\"129\" src=\"https:\/\/www.enecon.net.co\/web\/wp-content\/uploads\/2024\/09\/icono-yt.png\" alt=\"\" class=\"wp-image-3370\" style=\"width:66px;height:auto\"\/><\/a><\/figure>\n<\/div><\/div>\n<\/div>\n\n\n\n<div style=\"height:25px\" aria-hidden=\"true\" class=\"wp-block-spacer\"><\/div>\n\n\n\n<figure class=\"wp-block-image size-large\"><img loading=\"lazy\" decoding=\"async\" width=\"1024\" height=\"369\" src=\"https:\/\/www.enecon.net.co\/web\/wp-content\/uploads\/2023\/07\/Enecon-Reto-YES-adiccion-drogas-y-alcohol-1-2-1024x369.jpg\" alt=\"Reto Yes enecon persona de frente colaborador\" class=\"wp-image-1893\" srcset=\"https:\/\/www.enecon.net.co\/web\/wp-content\/uploads\/2023\/07\/Enecon-Reto-YES-adiccion-drogas-y-alcohol-1-2-1024x369.jpg 1024w, https:\/\/www.enecon.net.co\/web\/wp-content\/uploads\/2023\/07\/Enecon-Reto-YES-adiccion-drogas-y-alcohol-1-2-300x108.jpg 300w, https:\/\/www.enecon.net.co\/web\/wp-content\/uploads\/2023\/07\/Enecon-Reto-YES-adiccion-drogas-y-alcohol-1-2-768x277.jpg 768w, https:\/\/www.enecon.net.co\/web\/wp-content\/uploads\/2023\/07\/Enecon-Reto-YES-adiccion-drogas-y-alcohol-1-2.jpg 1200w\" sizes=\"auto, (max-width: 1024px) 100vw, 1024px\" \/><\/figure>\n","protected":false},"excerpt":{"rendered":"<p>#RetoYES es compromiso, prevenci\u00f3n y acci\u00f3n para un manejo seguro de residuos y sustancias qu\u00edmicas. En Enecon, sabemos que la seguridad y la sostenibilidad van de la mano. Un manejo inadecuado de residuos o qu\u00edmicos no solo representa un riesgo para la salud de los trabajadores, sino tambi\u00e9n un impacto negativo en el ambiente. Por [&hellip;]<\/p>\n","protected":false},"author":1,"featured_media":5046,"comment_status":"closed","ping_status":"closed","sticky":false,"template":"","format":"standard","meta":{"content-type":"","_joinchat":[],"footnotes":""},"categories":[48],"tags":[],"class_list":["post-5023","post","type-post","status-publish","format-standard","has-post-thumbnail","hentry","category-restoyes"],"_links":{"self":[{"href":"https:\/\/www.enecon.net.co\/web\/wp-json\/wp\/v2\/posts\/5023","targetHints":{"allow":["GET"]}}],"collection":[{"href":"https:\/\/www.enecon.net.co\/web\/wp-json\/wp\/v2\/posts"}],"about":[{"href":"https:\/\/www.enecon.net.co\/web\/wp-json\/wp\/v2\/types\/post"}],"author":[{"embeddable":true,"href":"https:\/\/www.enecon.net.co\/web\/wp-json\/wp\/v2\/users\/1"}],"replies":[{"embeddable":true,"href":"https:\/\/www.enecon.net.co\/web\/wp-json\/wp\/v2\/comments?post=5023"}],"version-history":[{"count":7,"href":"https:\/\/www.enecon.net.co\/web\/wp-json\/wp\/v2\/posts\/5023\/revisions"}],"predecessor-version":[{"id":5282,"href":"https:\/\/www.enecon.net.co\/web\/wp-json\/wp\/v2\/posts\/5023\/revisions\/5282"}],"wp:featuredmedia":[{"embeddable":true,"href":"https:\/\/www.enecon.net.co\/web\/wp-json\/wp\/v2\/media\/5046"}],"wp:attachment":[{"href":"https:\/\/www.enecon.net.co\/web\/wp-json\/wp\/v2\/media?parent=5023"}],"wp:term":[{"taxonomy":"category","embeddable":true,"href":"https:\/\/www.enecon.net.co\/web\/wp-json\/wp\/v2\/categories?post=5023"},{"taxonomy":"post_tag","embeddable":true,"href":"https:\/\/www.enecon.net.co\/web\/wp-json\/wp\/v2\/tags?post=5023"}],"curies":[{"name":"wp","href":"https:\/\/api.w.org\/{rel}","templated":true}]}}