{"id":4298,"date":"2025-08-22T15:38:33","date_gmt":"2025-08-22T20:38:33","guid":{"rendered":"https:\/\/www.enecon.net.co\/web\/?p=4298"},"modified":"2025-09-16T08:55:33","modified_gmt":"2025-09-16T13:55:33","slug":"caso-de-exito-121-familias-conectadas-a-la-esperanza","status":"publish","type":"post","link":"https:\/\/www.enecon.net.co\/web\/caso-de-exito-121-familias-conectadas-a-la-esperanza\/","title":{"rendered":"Caso de \u00e9xito: 121 familias conectadas a la esperanza"},"content":{"rendered":"\n<figure class=\"wp-block-image size-full is-resized\"><img loading=\"lazy\" decoding=\"async\" width=\"1920\" height=\"1080\" src=\"https:\/\/www.enecon.net.co\/web\/wp-content\/uploads\/2025\/08\/2025-08-22-Enecon-Gestion-RRSS-portada-caso-exito-1_2-1.jpg\" alt=\"\" class=\"wp-image-4306\" style=\"width:840px;height:auto\" srcset=\"https:\/\/www.enecon.net.co\/web\/wp-content\/uploads\/2025\/08\/2025-08-22-Enecon-Gestion-RRSS-portada-caso-exito-1_2-1.jpg 1920w, https:\/\/www.enecon.net.co\/web\/wp-content\/uploads\/2025\/08\/2025-08-22-Enecon-Gestion-RRSS-portada-caso-exito-1_2-1-300x169.jpg 300w, https:\/\/www.enecon.net.co\/web\/wp-content\/uploads\/2025\/08\/2025-08-22-Enecon-Gestion-RRSS-portada-caso-exito-1_2-1-1024x576.jpg 1024w, https:\/\/www.enecon.net.co\/web\/wp-content\/uploads\/2025\/08\/2025-08-22-Enecon-Gestion-RRSS-portada-caso-exito-1_2-1-768x432.jpg 768w, https:\/\/www.enecon.net.co\/web\/wp-content\/uploads\/2025\/08\/2025-08-22-Enecon-Gestion-RRSS-portada-caso-exito-1_2-1-1536x864.jpg 1536w\" sizes=\"auto, (max-width: 1920px) 100vw, 1920px\" \/><\/figure>\n\n\n\n<h3 class=\"wp-block-heading has-medium-font-size\">El proyecto de electrificaci\u00f3n en Villa Atenas cambi\u00f3 la vida de toda una comunidad, encendiendo sue\u00f1os y nuevas oportunidades.<\/h3>\n\n\n\n<p>En Enecon creemos que la energ\u00eda es mucho m\u00e1s que cables y transformadores: es el motor que enciende los sue\u00f1os y la esperanza de miles de familias en Colombia. All\u00ed donde la electricidad no llega, las oportunidades se apagan. Sin luz, estudiar se vuelve m\u00e1s dif\u00edcil, emprender se limita y la vida cotidiana se llena de obst\u00e1culos que la mayor\u00eda damos por sentado.<\/p>\n\n\n\n<p>Con esa convicci\u00f3n, llegamos al barrio Villa Atenas, en Sincelejo (C\u00f3rdoba), para transformar una realidad que por a\u00f1os estuvo marcada por la falta de redes el\u00e9ctricas formales. Durante 240 d\u00edas de trabajo, dise\u00f1amos y construimos la infraestructura necesaria para llevar lo que parec\u00eda un servicio b\u00e1sico, pero que en realidad significa mucho m\u00e1s: seguridad, estabilidad y progreso para 121 hogares.<\/p>\n\n\n\n<p>Hoy, Villa Atenas brilla distinto. Cada hogar conectado es una historia de esperanza encendida, un paso hacia adelante para toda la comunidad y una muestra del impacto real que tiene la energ\u00eda cuando llega de manera segura y legal.<\/p>\n\n\n\n<p><\/p>\n\n\n\n<p><strong>Detr\u00e1s de cada logro:<\/strong><\/p>\n\n\n\n<div class=\"wp-block-columns is-layout-flex wp-container-core-columns-is-layout-9d6595d7 wp-block-columns-is-layout-flex\">\n<div class=\"wp-block-column is-layout-flow wp-block-column-is-layout-flow\" style=\"flex-basis:25%\">\n<figure class=\"wp-block-image size-full\"><img loading=\"lazy\" decoding=\"async\" width=\"190\" height=\"190\" src=\"https:\/\/www.enecon.net.co\/web\/wp-content\/uploads\/2025\/08\/tiempo.png\" alt=\"\" class=\"wp-image-4300\" srcset=\"https:\/\/www.enecon.net.co\/web\/wp-content\/uploads\/2025\/08\/tiempo.png 190w, https:\/\/www.enecon.net.co\/web\/wp-content\/uploads\/2025\/08\/tiempo-150x150.png 150w\" sizes=\"auto, (max-width: 190px) 100vw, 190px\" \/><\/figure>\n\n\n\n<p>240 D\u00edas en ejecuci\u00f3n<\/p>\n<\/div>\n\n\n\n<div class=\"wp-block-column is-layout-flow wp-block-column-is-layout-flow\" style=\"flex-basis:50%\">\n<figure class=\"wp-block-gallery has-nested-images columns-default is-cropped wp-block-gallery-1 is-layout-flex wp-block-gallery-is-layout-flex\">\n<figure class=\"wp-block-image size-large\"><img loading=\"lazy\" decoding=\"async\" width=\"190\" height=\"190\" data-id=\"4302\" src=\"https:\/\/www.enecon.net.co\/web\/wp-content\/uploads\/2025\/08\/familia.png\" alt=\"\" class=\"wp-image-4302\" srcset=\"https:\/\/www.enecon.net.co\/web\/wp-content\/uploads\/2025\/08\/familia.png 190w, https:\/\/www.enecon.net.co\/web\/wp-content\/uploads\/2025\/08\/familia-150x150.png 150w\" sizes=\"auto, (max-width: 190px) 100vw, 190px\" \/><\/figure>\n\n\n\n<figure class=\"wp-block-image size-large\"><img loading=\"lazy\" decoding=\"async\" width=\"190\" height=\"190\" data-id=\"4301\" src=\"https:\/\/www.enecon.net.co\/web\/wp-content\/uploads\/2025\/08\/hogar.png\" alt=\"\" class=\"wp-image-4301\" srcset=\"https:\/\/www.enecon.net.co\/web\/wp-content\/uploads\/2025\/08\/hogar.png 190w, https:\/\/www.enecon.net.co\/web\/wp-content\/uploads\/2025\/08\/hogar-150x150.png 150w\" sizes=\"auto, (max-width: 190px) 100vw, 190px\" \/><\/figure>\n<\/figure>\n\n\n\n<p>121 familias beneficiadas              Barrio: Villa Atenas <\/p>\n<\/div>\n<\/div>\n\n\n\n<p class=\"has-text-align-left\"><br><strong>\u00bfPor qu\u00e9 es importante?<\/strong><\/p>\n\n\n\n<p>Porque no hablamos solo de electricidad. Hablamos de dignidad, de calidad de vida, de progreso para la comunidad. Ahora, los ni\u00f1os de Villa Atenas pueden estudiar sin la limitaci\u00f3n de la oscuridad, las familias pueden conservar mejor sus alimentos y todos pueden vivir con mayor seguridad.<\/p>\n\n\n\n<p>En Enecon sabemos que cada conexi\u00f3n va m\u00e1s all\u00e1 de un proyecto t\u00e9cnico: es una oportunidad para transformar vidas. La experiencia en Villa Atenas nos recuerda que llevar energ\u00eda significa abrir caminos hacia la educaci\u00f3n, la seguridad y el desarrollo.<\/p>\n\n\n\n<p>Este logro con 121 familias beneficiadas en Sincelejo reafirma nuestro compromiso de seguir construyendo un pa\u00eds m\u00e1s conectado, m\u00e1s equitativo y con m\u00e1s oportunidades para todos.<\/p>\n\n\n\n<p><\/p>\n\n\n\n<p><\/p>\n\n\n\n<div class=\"wp-block-columns is-layout-flex wp-container-core-columns-is-layout-9d6595d7 wp-block-columns-is-layout-flex\">\n<div class=\"wp-block-column is-layout-flow wp-block-column-is-layout-flow\">\n<figure class=\"wp-block-image size-full\"><img loading=\"lazy\" decoding=\"async\" width=\"1920\" height=\"1080\" src=\"https:\/\/www.enecon.net.co\/web\/wp-content\/uploads\/2025\/08\/2025-08-22-Enecon-Gestion-RRSS-portada-caso-exito-1_3.jpg\" alt=\"\" class=\"wp-image-4307\" srcset=\"https:\/\/www.enecon.net.co\/web\/wp-content\/uploads\/2025\/08\/2025-08-22-Enecon-Gestion-RRSS-portada-caso-exito-1_3.jpg 1920w, https:\/\/www.enecon.net.co\/web\/wp-content\/uploads\/2025\/08\/2025-08-22-Enecon-Gestion-RRSS-portada-caso-exito-1_3-300x169.jpg 300w, https:\/\/www.enecon.net.co\/web\/wp-content\/uploads\/2025\/08\/2025-08-22-Enecon-Gestion-RRSS-portada-caso-exito-1_3-1024x576.jpg 1024w, https:\/\/www.enecon.net.co\/web\/wp-content\/uploads\/2025\/08\/2025-08-22-Enecon-Gestion-RRSS-portada-caso-exito-1_3-768x432.jpg 768w, https:\/\/www.enecon.net.co\/web\/wp-content\/uploads\/2025\/08\/2025-08-22-Enecon-Gestion-RRSS-portada-caso-exito-1_3-1536x864.jpg 1536w\" sizes=\"auto, (max-width: 1920px) 100vw, 1920px\" \/><\/figure>\n<\/div>\n<\/div>\n\n\n\n<div class=\"wp-block-columns is-layout-flex wp-container-core-columns-is-layout-9d6595d7 wp-block-columns-is-layout-flex\">\n<div class=\"wp-block-column is-layout-flow wp-block-column-is-layout-flow\"><div class=\"wp-block-image\">\n<figure class=\"alignleft size-full is-resized\"><a href=\"https:\/\/www.facebook.com\/eneconsas\" target=\"_blank\" rel=\"noopener\"><img loading=\"lazy\" decoding=\"async\" width=\"130\" height=\"130\" src=\"https:\/\/www.enecon.net.co\/web\/wp-content\/uploads\/2024\/09\/icono-face-1.png\" alt=\"\" class=\"wp-image-3365\" style=\"width:68px;height:auto\"\/><\/a><\/figure>\n<\/div><\/div>\n\n\n\n<div class=\"wp-block-column is-layout-flow wp-block-column-is-layout-flow\"><div class=\"wp-block-image\">\n<figure class=\"alignleft size-full is-resized\"><a href=\"https:\/\/www.instagram.com\/eneconsas\/ \" target=\"_blank\" rel=\"noopener\"><img loading=\"lazy\" decoding=\"async\" width=\"130\" height=\"130\" src=\"https:\/\/www.enecon.net.co\/web\/wp-content\/uploads\/2024\/09\/icono-insta-1.png\" alt=\"\" class=\"wp-image-3368\" style=\"width:68px;height:auto\"\/><\/a><\/figure>\n<\/div><\/div>\n\n\n\n<div class=\"wp-block-column is-layout-flow wp-block-column-is-layout-flow\"><div class=\"wp-block-image\">\n<figure class=\"alignleft size-full is-resized\"><a href=\"https:\/\/www.linkedin.com\/company\/40655434\/admin\/page-posts\/published\/ \" target=\"_blank\" rel=\"noopener\"><img loading=\"lazy\" decoding=\"async\" width=\"130\" height=\"130\" src=\"https:\/\/www.enecon.net.co\/web\/wp-content\/uploads\/2024\/09\/icono-linkd-1.png\" alt=\"\" class=\"wp-image-3369\" style=\"width:72px;height:auto\"\/><\/a><\/figure>\n<\/div><\/div>\n\n\n\n<div class=\"wp-block-column is-layout-flow wp-block-column-is-layout-flow\"><div class=\"wp-block-image\">\n<figure class=\"alignleft size-full is-resized\"><a href=\"https:\/\/www.youtube.com\/@enecons.a.s9462  \" target=\"_blank\" rel=\"noopener\"><img loading=\"lazy\" decoding=\"async\" width=\"130\" height=\"129\" src=\"https:\/\/www.enecon.net.co\/web\/wp-content\/uploads\/2024\/09\/icono-yt.png\" alt=\"\" class=\"wp-image-3370\" style=\"width:66px;height:auto\"\/><\/a><\/figure>\n<\/div><\/div>\n<\/div>\n\n\n\n<div style=\"height:25px\" aria-hidden=\"true\" class=\"wp-block-spacer\"><\/div>\n\n\n\n<figure class=\"wp-block-image size-large\"><img loading=\"lazy\" decoding=\"async\" width=\"1024\" height=\"369\" src=\"https:\/\/www.enecon.net.co\/web\/wp-content\/uploads\/2023\/07\/Enecon-Reto-YES-adiccion-drogas-y-alcohol-1-2-1024x369.jpg\" alt=\"Reto Yes enecon persona de frente colaborador\" class=\"wp-image-1893\" srcset=\"https:\/\/www.enecon.net.co\/web\/wp-content\/uploads\/2023\/07\/Enecon-Reto-YES-adiccion-drogas-y-alcohol-1-2-1024x369.jpg 1024w, https:\/\/www.enecon.net.co\/web\/wp-content\/uploads\/2023\/07\/Enecon-Reto-YES-adiccion-drogas-y-alcohol-1-2-300x108.jpg 300w, https:\/\/www.enecon.net.co\/web\/wp-content\/uploads\/2023\/07\/Enecon-Reto-YES-adiccion-drogas-y-alcohol-1-2-768x277.jpg 768w, https:\/\/www.enecon.net.co\/web\/wp-content\/uploads\/2023\/07\/Enecon-Reto-YES-adiccion-drogas-y-alcohol-1-2.jpg 1200w\" sizes=\"auto, (max-width: 1024px) 100vw, 1024px\" \/><\/figure>\n","protected":false},"excerpt":{"rendered":"<p>El proyecto de electrificaci\u00f3n en Villa Atenas cambi\u00f3 la vida de toda una comunidad, encendiendo sue\u00f1os y nuevas oportunidades. En Enecon creemos que la energ\u00eda es mucho m\u00e1s que cables y transformadores: es el motor que enciende los sue\u00f1os y la esperanza de miles de familias en Colombia. All\u00ed donde la electricidad no llega, las [&hellip;]<\/p>\n","protected":false},"author":1,"featured_media":4305,"comment_status":"closed","ping_status":"closed","sticky":false,"template":"","format":"standard","meta":{"content-type":"","_joinchat":[],"footnotes":""},"categories":[60],"tags":[],"class_list":["post-4298","post","type-post","status-publish","format-standard","has-post-thumbnail","hentry","category-noticias"],"_links":{"self":[{"href":"https:\/\/www.enecon.net.co\/web\/wp-json\/wp\/v2\/posts\/4298","targetHints":{"allow":["GET"]}}],"collection":[{"href":"https:\/\/www.enecon.net.co\/web\/wp-json\/wp\/v2\/posts"}],"about":[{"href":"https:\/\/www.enecon.net.co\/web\/wp-json\/wp\/v2\/types\/post"}],"author":[{"embeddable":true,"href":"https:\/\/www.enecon.net.co\/web\/wp-json\/wp\/v2\/users\/1"}],"replies":[{"embeddable":true,"href":"https:\/\/www.enecon.net.co\/web\/wp-json\/wp\/v2\/comments?post=4298"}],"version-history":[{"count":2,"href":"https:\/\/www.enecon.net.co\/web\/wp-json\/wp\/v2\/posts\/4298\/revisions"}],"predecessor-version":[{"id":4308,"href":"https:\/\/www.enecon.net.co\/web\/wp-json\/wp\/v2\/posts\/4298\/revisions\/4308"}],"wp:featuredmedia":[{"embeddable":true,"href":"https:\/\/www.enecon.net.co\/web\/wp-json\/wp\/v2\/media\/4305"}],"wp:attachment":[{"href":"https:\/\/www.enecon.net.co\/web\/wp-json\/wp\/v2\/media?parent=4298"}],"wp:term":[{"taxonomy":"category","embeddable":true,"href":"https:\/\/www.enecon.net.co\/web\/wp-json\/wp\/v2\/categories?post=4298"},{"taxonomy":"post_tag","embeddable":true,"href":"https:\/\/www.enecon.net.co\/web\/wp-json\/wp\/v2\/tags?post=4298"}],"curies":[{"name":"wp","href":"https:\/\/api.w.org\/{rel}","templated":true}]}}