{"id":4162,"date":"2025-07-16T13:54:09","date_gmt":"2025-07-16T18:54:09","guid":{"rendered":"https:\/\/www.enecon.net.co\/web\/?p=4162"},"modified":"2025-07-17T18:04:38","modified_gmt":"2025-07-17T23:04:38","slug":"enecon-s-a-s-reconocida-como-lider-en-cultura-preventiva-por-afinia-grupo-epm","status":"publish","type":"post","link":"https:\/\/www.enecon.net.co\/web\/enecon-s-a-s-reconocida-como-lider-en-cultura-preventiva-por-afinia-grupo-epm\/","title":{"rendered":"Enecon recibe el primer puesto de Afinia y Grupo EPM por su liderazgo en cultura preventiva con la campa\u00f1a #RetoYES"},"content":{"rendered":"\n<figure class=\"wp-block-image size-full is-resized\"><img loading=\"lazy\" decoding=\"async\" width=\"723\" height=\"497\" src=\"https:\/\/www.enecon.net.co\/web\/wp-content\/uploads\/2025\/07\/2025-07-16-Portada-cuadrada.jpg\" alt=\"\" class=\"wp-image-4170\" style=\"width:840px;height:auto\" srcset=\"https:\/\/www.enecon.net.co\/web\/wp-content\/uploads\/2025\/07\/2025-07-16-Portada-cuadrada.jpg 723w, https:\/\/www.enecon.net.co\/web\/wp-content\/uploads\/2025\/07\/2025-07-16-Portada-cuadrada-300x206.jpg 300w\" sizes=\"auto, (max-width: 723px) 100vw, 723px\" \/><\/figure>\n\n\n\n<h3 class=\"wp-block-heading has-medium-font-size\">Obtuvimos el m\u00e1ximo galard\u00f3n en los \u00abPremios Aliados Seguros\u00bb gracias a la efectiva implementaci\u00f3n de nuestro Sistema de Gesti\u00f3n de Seguridad y Salud en el Trabajo (SG-SST).<\/h3>\n\n\n\n<p>Medell\u00edn, Colombia &#8211; julio de 2025. Enecon S.A.S., empresa l\u00edder en soluciones integrales para el sector el\u00e9ctrico, ha sido reconocida con el primer puesto por su destacada campa\u00f1a de cultura segura #RetoYES (Yo Estoy Seguro), un galard\u00f3n otorgado por Afinia y Grupo EPM, en el marco de su estrategia regional para promover entornos de trabajo m\u00e1s seguros y saludables.<\/p>\n\n\n\n<p>La campa\u00f1a, desarrollada por Enecon desde 2022, ha sido reconocida por su enfoque integral y transformador en la gesti\u00f3n de la Seguridad y Salud en el Trabajo (SST). Lejos de ser una acci\u00f3n aislada, #RetoYES se consolid\u00f3 como un programa de cultura organizacional que logr\u00f3 movilizar a m\u00e1s de 2.350 colaboradores y m\u00e1s de 70 l\u00edderes, bajo una premisa clara: el cuidado de la vida comienza con cada decisi\u00f3n diaria.<\/p>\n\n\n\n<p>\u201cEste reconocimiento es un testimonio del poder que tiene una cultura preventiva bien estructurada, centrada en el liderazgo transformador y el compromiso colectivo. Nos honra recibir este galard\u00f3n, pero m\u00e1s a\u00fan nos honra saber que estamos impactando vidas\u201d, afirm\u00f3 C\u00e9sar R\u00edos, Director SIG de Enecon y l\u00edder del programa.<\/p>\n\n\n\n<p><strong>Una estrategia basada en valores, disciplina y salud mental<\/strong> <\/p>\n\n\n\n<p><br>La campa\u00f1a se sustent\u00f3 en cuatro pilares esenciales: liderazgo transformador, seguridad basada en valores y comportamiento, salud mental y disciplina operativa. Estos ejes fueron articulados a trav\u00e9s de herramientas innovadoras como un medidor emocional diario, plataformas de aprendizaje como Moodle, campa\u00f1as de endomarketing, intervenciones en campo y un completo kit de activaci\u00f3n f\u00edsica y digital (#RetoYES).<\/p>\n\n\n\n<p>Adem\u00e1s, se implementaron mecanismos de seguimiento mensual y trimestral con indicadores como accidentalidad cero, ausentismo cero, productividad, cuidado de herramientas y veh\u00edculos, observaci\u00f3n de comportamiento y participaci\u00f3n activa en retos mensuales. El impacto fue reforzado con incentivos simb\u00f3licos y materiales (desde bonos y kits, hasta reconocimientos p\u00fablicos) que fortalecieron el sentido de pertenencia y motivaci\u00f3n en toda la organizaci\u00f3n.<\/p>\n\n\n\n<figure class=\"wp-block-embed aligncenter is-type-video is-provider-youtube wp-block-embed-youtube wp-embed-aspect-16-9 wp-has-aspect-ratio\"><div class=\"wp-block-embed__wrapper\">\n<iframe loading=\"lazy\" title=\"#RetoYES de Enecon\" width=\"500\" height=\"281\" src=\"https:\/\/www.youtube.com\/embed\/4M6VgaAGU7E?feature=oembed\" frameborder=\"0\" allow=\"accelerometer; autoplay; clipboard-write; encrypted-media; gyroscope; picture-in-picture; web-share\" referrerpolicy=\"strict-origin-when-cross-origin\" allowfullscreen><\/iframe>\n<\/div><\/figure>\n\n\n\n<p><strong>M\u00e1s all\u00e1 del cumplimiento: una transformaci\u00f3n cultural<\/strong><\/p>\n\n\n\n<p>M\u00e1s que cumplir con normas, Enecon propuso un cambio de mentalidad. El liderazgo fue clave: ingenieros, gestores SST y directivos recibieron formaci\u00f3n espec\u00edfica en liderazgo transformador y acompa\u00f1aron a sus equipos con el ejemplo, promoviendo un modelo en el que el autocuidado y la conciencia del riesgo son parte del d\u00eda a d\u00eda.<\/p>\n\n\n\n<p>Con este premio, Enecon no solo celebra un logro institucional, sino que tambi\u00e9n se posiciona como referente nacional en cultura preventiva, demostrando que una estrategia bien pensada y vivida desde la base, puede tener resultados sostenibles en seguridad, bienestar y desempe\u00f1o operativo.<\/p>\n\n\n\n<p>\u201c#RetoYES es una invitaci\u00f3n a mirar la seguridad como una elecci\u00f3n consciente, una forma de vivir. Este premio es de todos nuestros colaboradores\u201d, concluy\u00f3 Daniel P\u00e9rez, Director de Enecon.<\/p>\n\n\n\n<p>Enecon S.A.S. es una empresa colombiana con sede en Itag\u00fc\u00ed, Antioquia, especializada en soluciones t\u00e9cnicas, operativas y de mantenimiento para el sector energ\u00e9tico. Comprometida con la innovaci\u00f3n, la seguridad y la sostenibilidad, Enecon ha liderado proyectos estrat\u00e9gicos a nivel nacional en colaboraci\u00f3n con grandes grupos empresariales como EPM.<\/p>\n\n\n\n<p><\/p>\n\n\n\n<div class=\"wp-block-columns is-layout-flex wp-container-core-columns-is-layout-9d6595d7 wp-block-columns-is-layout-flex\">\n<div class=\"wp-block-column is-layout-flow wp-block-column-is-layout-flow\">\n<figure class=\"wp-block-image size-full\"><img loading=\"lazy\" decoding=\"async\" width=\"1000\" height=\"548\" src=\"https:\/\/www.enecon.net.co\/web\/wp-content\/uploads\/2025\/07\/Enecon-evento-1.jpg\" alt=\"\" class=\"wp-image-4171\" srcset=\"https:\/\/www.enecon.net.co\/web\/wp-content\/uploads\/2025\/07\/Enecon-evento-1.jpg 1000w, https:\/\/www.enecon.net.co\/web\/wp-content\/uploads\/2025\/07\/Enecon-evento-1-300x164.jpg 300w, https:\/\/www.enecon.net.co\/web\/wp-content\/uploads\/2025\/07\/Enecon-evento-1-768x421.jpg 768w\" sizes=\"auto, (max-width: 1000px) 100vw, 1000px\" \/><\/figure>\n<\/div>\n\n\n\n<div class=\"wp-block-column is-layout-flow wp-block-column-is-layout-flow\">\n<figure class=\"wp-block-image size-full\"><img loading=\"lazy\" decoding=\"async\" width=\"1000\" height=\"548\" src=\"https:\/\/www.enecon.net.co\/web\/wp-content\/uploads\/2025\/07\/Enecon-evento-2.jpg\" alt=\"\" class=\"wp-image-4172\" srcset=\"https:\/\/www.enecon.net.co\/web\/wp-content\/uploads\/2025\/07\/Enecon-evento-2.jpg 1000w, https:\/\/www.enecon.net.co\/web\/wp-content\/uploads\/2025\/07\/Enecon-evento-2-300x164.jpg 300w, https:\/\/www.enecon.net.co\/web\/wp-content\/uploads\/2025\/07\/Enecon-evento-2-768x421.jpg 768w\" sizes=\"auto, (max-width: 1000px) 100vw, 1000px\" \/><\/figure>\n<\/div>\n<\/div>\n\n\n\n<div class=\"wp-block-columns is-layout-flex wp-container-core-columns-is-layout-9d6595d7 wp-block-columns-is-layout-flex\">\n<div class=\"wp-block-column is-layout-flow wp-block-column-is-layout-flow\"><div class=\"wp-block-image\">\n<figure class=\"alignleft size-full is-resized\"><a href=\"https:\/\/www.facebook.com\/eneconsas\" target=\"_blank\" rel=\"noopener\"><img loading=\"lazy\" decoding=\"async\" width=\"130\" height=\"130\" src=\"https:\/\/www.enecon.net.co\/web\/wp-content\/uploads\/2024\/09\/icono-face-1.png\" alt=\"\" class=\"wp-image-3365\" style=\"width:68px;height:auto\"\/><\/a><\/figure>\n<\/div><\/div>\n\n\n\n<div class=\"wp-block-column is-layout-flow wp-block-column-is-layout-flow\"><div class=\"wp-block-image\">\n<figure class=\"alignleft size-full is-resized\"><a href=\"https:\/\/www.instagram.com\/eneconsas\/ \" target=\"_blank\" rel=\"noopener\"><img loading=\"lazy\" decoding=\"async\" width=\"130\" height=\"130\" src=\"https:\/\/www.enecon.net.co\/web\/wp-content\/uploads\/2024\/09\/icono-insta-1.png\" alt=\"\" class=\"wp-image-3368\" style=\"width:68px;height:auto\"\/><\/a><\/figure>\n<\/div><\/div>\n\n\n\n<div class=\"wp-block-column is-layout-flow wp-block-column-is-layout-flow\"><div class=\"wp-block-image\">\n<figure class=\"alignleft size-full is-resized\"><a href=\"https:\/\/www.linkedin.com\/company\/40655434\/admin\/page-posts\/published\/ \" target=\"_blank\" rel=\"noopener\"><img loading=\"lazy\" decoding=\"async\" width=\"130\" height=\"130\" src=\"https:\/\/www.enecon.net.co\/web\/wp-content\/uploads\/2024\/09\/icono-linkd-1.png\" alt=\"\" class=\"wp-image-3369\" style=\"width:72px;height:auto\"\/><\/a><\/figure>\n<\/div><\/div>\n\n\n\n<div class=\"wp-block-column is-layout-flow wp-block-column-is-layout-flow\"><div class=\"wp-block-image\">\n<figure class=\"alignleft size-full is-resized\"><a href=\"https:\/\/www.youtube.com\/@enecons.a.s9462  \" target=\"_blank\" rel=\"noopener\"><img loading=\"lazy\" decoding=\"async\" width=\"130\" height=\"129\" src=\"https:\/\/www.enecon.net.co\/web\/wp-content\/uploads\/2024\/09\/icono-yt.png\" alt=\"\" class=\"wp-image-3370\" style=\"width:66px;height:auto\"\/><\/a><\/figure>\n<\/div><\/div>\n<\/div>\n\n\n\n<div style=\"height:25px\" aria-hidden=\"true\" class=\"wp-block-spacer\"><\/div>\n\n\n\n<figure class=\"wp-block-image size-large\"><img loading=\"lazy\" decoding=\"async\" width=\"1024\" height=\"369\" src=\"https:\/\/www.enecon.net.co\/web\/wp-content\/uploads\/2023\/07\/Enecon-Reto-YES-adiccion-drogas-y-alcohol-1-2-1024x369.jpg\" alt=\"Reto Yes enecon persona de frente colaborador\" class=\"wp-image-1893\" srcset=\"https:\/\/www.enecon.net.co\/web\/wp-content\/uploads\/2023\/07\/Enecon-Reto-YES-adiccion-drogas-y-alcohol-1-2-1024x369.jpg 1024w, https:\/\/www.enecon.net.co\/web\/wp-content\/uploads\/2023\/07\/Enecon-Reto-YES-adiccion-drogas-y-alcohol-1-2-300x108.jpg 300w, https:\/\/www.enecon.net.co\/web\/wp-content\/uploads\/2023\/07\/Enecon-Reto-YES-adiccion-drogas-y-alcohol-1-2-768x277.jpg 768w, https:\/\/www.enecon.net.co\/web\/wp-content\/uploads\/2023\/07\/Enecon-Reto-YES-adiccion-drogas-y-alcohol-1-2.jpg 1200w\" sizes=\"auto, (max-width: 1024px) 100vw, 1024px\" \/><\/figure>\n","protected":false},"excerpt":{"rendered":"<p>Obtuvimos el m\u00e1ximo galard\u00f3n en los \u00abPremios Aliados Seguros\u00bb gracias a la efectiva implementaci\u00f3n de nuestro Sistema de Gesti\u00f3n de Seguridad y Salud en el Trabajo (SG-SST). Medell\u00edn, Colombia &#8211; julio de 2025. Enecon S.A.S., empresa l\u00edder en soluciones integrales para el sector el\u00e9ctrico, ha sido reconocida con el primer puesto por su destacada campa\u00f1a [&hellip;]<\/p>\n","protected":false},"author":1,"featured_media":4170,"comment_status":"closed","ping_status":"closed","sticky":false,"template":"","format":"standard","meta":{"content-type":"","_joinchat":[],"footnotes":""},"categories":[48,50,60],"tags":[],"class_list":["post-4162","post","type-post","status-publish","format-standard","has-post-thumbnail","hentry","category-restoyes","category-actualidad","category-noticias"],"_links":{"self":[{"href":"https:\/\/www.enecon.net.co\/web\/wp-json\/wp\/v2\/posts\/4162","targetHints":{"allow":["GET"]}}],"collection":[{"href":"https:\/\/www.enecon.net.co\/web\/wp-json\/wp\/v2\/posts"}],"about":[{"href":"https:\/\/www.enecon.net.co\/web\/wp-json\/wp\/v2\/types\/post"}],"author":[{"embeddable":true,"href":"https:\/\/www.enecon.net.co\/web\/wp-json\/wp\/v2\/users\/1"}],"replies":[{"embeddable":true,"href":"https:\/\/www.enecon.net.co\/web\/wp-json\/wp\/v2\/comments?post=4162"}],"version-history":[{"count":10,"href":"https:\/\/www.enecon.net.co\/web\/wp-json\/wp\/v2\/posts\/4162\/revisions"}],"predecessor-version":[{"id":4193,"href":"https:\/\/www.enecon.net.co\/web\/wp-json\/wp\/v2\/posts\/4162\/revisions\/4193"}],"wp:featuredmedia":[{"embeddable":true,"href":"https:\/\/www.enecon.net.co\/web\/wp-json\/wp\/v2\/media\/4170"}],"wp:attachment":[{"href":"https:\/\/www.enecon.net.co\/web\/wp-json\/wp\/v2\/media?parent=4162"}],"wp:term":[{"taxonomy":"category","embeddable":true,"href":"https:\/\/www.enecon.net.co\/web\/wp-json\/wp\/v2\/categories?post=4162"},{"taxonomy":"post_tag","embeddable":true,"href":"https:\/\/www.enecon.net.co\/web\/wp-json\/wp\/v2\/tags?post=4162"}],"curies":[{"name":"wp","href":"https:\/\/api.w.org\/{rel}","templated":true}]}}