{"id":3803,"date":"2025-03-14T11:56:44","date_gmt":"2025-03-14T16:56:44","guid":{"rendered":"https:\/\/www.enecon.net.co\/web\/?p=3803"},"modified":"2025-11-05T10:36:52","modified_gmt":"2025-11-05T15:36:52","slug":"la-buena-planificacion-es-clave-para-la-seguridad-laboral","status":"publish","type":"post","link":"https:\/\/www.enecon.net.co\/web\/la-buena-planificacion-es-clave-para-la-seguridad-laboral\/","title":{"rendered":"La buena planificaci\u00f3n es clave para la seguridad laboral"},"content":{"rendered":"\n<h2 class=\"wp-block-heading\">\u00bfSab\u00edas que una mala planificaci\u00f3n de las \u00f3rdenes de trabajo puede aumentar el riesgo de accidentes laborales?<\/h2>\n\n\n\n<p>Una orden de trabajo mal planificada no solo pone en riesgo la integridad de los trabajadores, sino que tambi\u00e9n incrementa las probabilidades de incidentes graves. Los errores en la ejecuci\u00f3n, la exposici\u00f3n a peligros el\u00e9ctricos y la falta de recursos adecuados son factores que pueden desencadenar accidentes evitables. La seguridad comienza desde la planificaci\u00f3n.<\/p>\n\n\n\n<p>La correcta definici\u00f3n de los procesos y la validaci\u00f3n de cada etapa en la ejecuci\u00f3n de las tareas es esencial para prevenir riesgos y garantizar la protecci\u00f3n de todos los involucrados.<\/p>\n\n\n\n<p><\/p>\n\n\n\n<h3 class=\"wp-block-heading has-medium-font-size\">\u2705 Antes de iniciar:<\/h3>\n\n\n\n<div class=\"wp-block-columns is-layout-flex wp-container-core-columns-is-layout-9d6595d7 wp-block-columns-is-layout-flex\">\n<div class=\"wp-block-column is-vertically-aligned-center is-layout-flow wp-block-column-is-layout-flow\"><div class=\"wp-block-image\">\n<figure class=\"aligncenter size-full is-resized\"><img loading=\"lazy\" decoding=\"async\" width=\"190\" height=\"190\" src=\"https:\/\/www.enecon.net.co\/web\/wp-content\/uploads\/2025\/03\/disponibilidad-de-materiales.png\" alt=\"\" class=\"wp-image-3805\" style=\"width:203px;height:auto\" srcset=\"https:\/\/www.enecon.net.co\/web\/wp-content\/uploads\/2025\/03\/disponibilidad-de-materiales.png 190w, https:\/\/www.enecon.net.co\/web\/wp-content\/uploads\/2025\/03\/disponibilidad-de-materiales-150x150.png 150w\" sizes=\"auto, (max-width: 190px) 100vw, 190px\" \/><\/figure>\n<\/div>\n\n\n<p class=\"has-text-align-center\">Verifica la disponibilidad de materiales, herramientas y equipos de protecci\u00f3n personal.<\/p>\n\n\n\n<p class=\"has-text-align-center\"><\/p>\n<\/div>\n\n\n\n<div class=\"wp-block-column is-vertically-aligned-center is-layout-flow wp-block-column-is-layout-flow\"><div class=\"wp-block-image\">\n<figure class=\"aligncenter size-full is-resized\"><img loading=\"lazy\" decoding=\"async\" width=\"190\" height=\"190\" src=\"https:\/\/www.enecon.net.co\/web\/wp-content\/uploads\/2025\/03\/personal-capacitado.png\" alt=\"\" class=\"wp-image-3806\" style=\"width:154px;height:auto\" srcset=\"https:\/\/www.enecon.net.co\/web\/wp-content\/uploads\/2025\/03\/personal-capacitado.png 190w, https:\/\/www.enecon.net.co\/web\/wp-content\/uploads\/2025\/03\/personal-capacitado-150x150.png 150w\" sizes=\"auto, (max-width: 190px) 100vw, 190px\" \/><\/figure>\n<\/div>\n\n\n<p class=\"has-text-align-center\">Confirma que el personal est\u00e9 capacitado y conozca sus responsabilidades.<\/p>\n<\/div>\n\n\n\n<div class=\"wp-block-column is-vertically-aligned-center is-layout-flow wp-block-column-is-layout-flow\"><div class=\"wp-block-image\">\n<figure class=\"aligncenter size-full is-resized\"><img loading=\"lazy\" decoding=\"async\" width=\"190\" height=\"190\" src=\"https:\/\/www.enecon.net.co\/web\/wp-content\/uploads\/2025\/03\/reuniones.png\" alt=\"\" class=\"wp-image-3807\" style=\"width:203px;height:auto\" srcset=\"https:\/\/www.enecon.net.co\/web\/wp-content\/uploads\/2025\/03\/reuniones.png 190w, https:\/\/www.enecon.net.co\/web\/wp-content\/uploads\/2025\/03\/reuniones-150x150.png 150w\" sizes=\"auto, (max-width: 190px) 100vw, 190px\" \/><\/figure>\n<\/div>\n\n\n<p class=\"has-text-align-center\">Realiza una reuni\u00f3n previa para analizar riesgos y aclarar dudas.<\/p>\n\n\n\n<p class=\"has-text-align-center\"><\/p>\n<\/div>\n<\/div>\n\n\n\n<h3 class=\"wp-block-heading has-medium-font-size\"><strong>\u00bfC\u00f3mo lograr el <\/strong>#<strong>RetoYes<\/strong>? <strong>Sigue est\u00e1s pr\u00e1cticas:<\/strong><\/h3>\n\n\n\n<div class=\"wp-block-columns is-layout-flex wp-container-core-columns-is-layout-9d6595d7 wp-block-columns-is-layout-flex\">\n<div class=\"wp-block-column is-vertically-aligned-center is-layout-flow wp-block-column-is-layout-flow\"><div class=\"wp-block-image\">\n<figure class=\"aligncenter size-full is-resized\"><img loading=\"lazy\" decoding=\"async\" width=\"190\" height=\"190\" src=\"https:\/\/www.enecon.net.co\/web\/wp-content\/uploads\/2025\/03\/ordenes-de-trabajo-emitidas.png\" alt=\"\" class=\"wp-image-3808\" style=\"width:203px;height:auto\" srcset=\"https:\/\/www.enecon.net.co\/web\/wp-content\/uploads\/2025\/03\/ordenes-de-trabajo-emitidas.png 190w, https:\/\/www.enecon.net.co\/web\/wp-content\/uploads\/2025\/03\/ordenes-de-trabajo-emitidas-150x150.png 150w\" sizes=\"auto, (max-width: 190px) 100vw, 190px\" \/><\/figure>\n<\/div>\n\n\n<p class=\"has-text-align-center\">Aseg\u00farate de contar con \u00f3rdenes de trabajo emitidas por el ingeniero encargado y el cliente.<\/p>\n\n\n\n<p class=\"has-text-align-center\"><\/p>\n<\/div>\n\n\n\n<div class=\"wp-block-column is-vertically-aligned-center is-layout-flow wp-block-column-is-layout-flow\"><div class=\"wp-block-image\">\n<figure class=\"aligncenter size-full is-resized\"><img loading=\"lazy\" decoding=\"async\" width=\"190\" height=\"190\" src=\"https:\/\/www.enecon.net.co\/web\/wp-content\/uploads\/2025\/03\/define-metodo-de-trabajo.png\" alt=\"\" class=\"wp-image-3809\" style=\"width:154px;height:auto\" srcset=\"https:\/\/www.enecon.net.co\/web\/wp-content\/uploads\/2025\/03\/define-metodo-de-trabajo.png 190w, https:\/\/www.enecon.net.co\/web\/wp-content\/uploads\/2025\/03\/define-metodo-de-trabajo-150x150.png 150w\" sizes=\"auto, (max-width: 190px) 100vw, 190px\" \/><\/figure>\n<\/div>\n\n\n<p class=\"has-text-align-center\">Define el m\u00e9todo de trabajo: en tensi\u00f3n o sin tensi\u00f3n, considerando el nivel y tipo de intervenci\u00f3n.<\/p>\n<\/div>\n\n\n\n<div class=\"wp-block-column is-vertically-aligned-center is-layout-flow wp-block-column-is-layout-flow\"><div class=\"wp-block-image\">\n<figure class=\"aligncenter size-full is-resized\"><img loading=\"lazy\" decoding=\"async\" width=\"190\" height=\"190\" src=\"https:\/\/www.enecon.net.co\/web\/wp-content\/uploads\/2025\/03\/conocer-la-topologia-1.png\" alt=\"\" class=\"wp-image-3810\" style=\"width:203px;height:auto\" srcset=\"https:\/\/www.enecon.net.co\/web\/wp-content\/uploads\/2025\/03\/conocer-la-topologia-1.png 190w, https:\/\/www.enecon.net.co\/web\/wp-content\/uploads\/2025\/03\/conocer-la-topologia-1-150x150.png 150w\" sizes=\"auto, (max-width: 190px) 100vw, 190px\" \/><\/figure>\n<\/div>\n\n\n<p class=\"has-text-align-center\">Conoce la topolog\u00eda, diagramas y especificaciones de la estructura a intervenir.<\/p>\n\n\n\n<p class=\"has-text-align-center\"><\/p>\n<\/div>\n<\/div>\n\n\n\n<div class=\"wp-block-group\"><div class=\"wp-block-group__inner-container is-layout-constrained wp-block-group-is-layout-constrained\">\n<div class=\"wp-block-columns is-layout-flex wp-container-core-columns-is-layout-9d6595d7 wp-block-columns-is-layout-flex\">\n<div class=\"wp-block-column is-vertically-aligned-center is-layout-flow wp-block-column-is-layout-flow\">\n<p class=\"has-text-align-center\"><\/p>\n\n\n\n<div class=\"wp-block-columns is-layout-flex wp-container-core-columns-is-layout-9d6595d7 wp-block-columns-is-layout-flex\">\n<div class=\"wp-block-column is-vertically-aligned-center is-layout-flow wp-block-column-is-layout-flow\"><div class=\"wp-block-image\">\n<figure class=\"aligncenter size-full is-resized\"><img loading=\"lazy\" decoding=\"async\" width=\"190\" height=\"190\" src=\"https:\/\/www.enecon.net.co\/web\/wp-content\/uploads\/2025\/03\/identifica-los-riesgos-1.png\" alt=\"\" class=\"wp-image-3811\" style=\"width:203px;height:auto\" srcset=\"https:\/\/www.enecon.net.co\/web\/wp-content\/uploads\/2025\/03\/identifica-los-riesgos-1.png 190w, https:\/\/www.enecon.net.co\/web\/wp-content\/uploads\/2025\/03\/identifica-los-riesgos-1-150x150.png 150w\" sizes=\"auto, (max-width: 190px) 100vw, 190px\" \/><\/figure>\n<\/div>\n\n\n<p class=\"has-text-align-center\">Identifica los peligros y eval\u00faa los riesgos de la actividad a ejecutar.<\/p>\n\n\n\n<p class=\"has-text-align-center\"><\/p>\n<\/div>\n\n\n\n<div class=\"wp-block-column is-vertically-aligned-center is-layout-flow wp-block-column-is-layout-flow\"><div class=\"wp-block-image\">\n<figure class=\"aligncenter size-full is-resized\"><img loading=\"lazy\" decoding=\"async\" width=\"190\" height=\"190\" src=\"https:\/\/www.enecon.net.co\/web\/wp-content\/uploads\/2025\/03\/analisis-en-sitio.png\" alt=\"\" class=\"wp-image-3812\" style=\"width:154px;height:auto\" srcset=\"https:\/\/www.enecon.net.co\/web\/wp-content\/uploads\/2025\/03\/analisis-en-sitio.png 190w, https:\/\/www.enecon.net.co\/web\/wp-content\/uploads\/2025\/03\/analisis-en-sitio-150x150.png 150w\" sizes=\"auto, (max-width: 190px) 100vw, 190px\" \/><\/figure>\n<\/div>\n\n\n<p class=\"has-text-align-center\">Realiza un an\u00e1lisis en sitio antes de iniciar para detectar factores t\u00e9cnicos<\/p>\n<\/div>\n\n\n\n<div class=\"wp-block-column is-vertically-aligned-center is-layout-flow wp-block-column-is-layout-flow\"><div class=\"wp-block-image\">\n<figure class=\"aligncenter size-full is-resized\"><img loading=\"lazy\" decoding=\"async\" width=\"190\" height=\"190\" src=\"https:\/\/www.enecon.net.co\/web\/wp-content\/uploads\/2025\/03\/equipo-calificado.png\" alt=\"\" class=\"wp-image-5308\" style=\"width:203px;height:auto\" srcset=\"https:\/\/www.enecon.net.co\/web\/wp-content\/uploads\/2025\/03\/equipo-calificado.png 190w, https:\/\/www.enecon.net.co\/web\/wp-content\/uploads\/2025\/03\/equipo-calificado-150x150.png 150w\" sizes=\"auto, (max-width: 190px) 100vw, 190px\" \/><\/figure>\n<\/div>\n\n\n<p class=\"has-text-align-center\">Define las medidas de seguridad y los procedimientos de trabajo.<\/p>\n\n\n\n<p class=\"has-text-align-center\"><\/p>\n<\/div>\n<\/div>\n<\/div>\n<\/div>\n<\/div><\/div>\n\n\n\n<p class=\"has-text-align-center\"><\/p>\n\n\n\n<h3 class=\"wp-block-heading has-medium-font-size\"><strong>\u00bfCu\u00e1les son los riesgos?<\/strong><\/h3>\n\n\n\n<div class=\"wp-block-columns is-layout-flex wp-container-core-columns-is-layout-9d6595d7 wp-block-columns-is-layout-flex\">\n<div class=\"wp-block-column is-vertically-aligned-center is-layout-flow wp-block-column-is-layout-flow\"><div class=\"wp-block-image\">\n<figure class=\"aligncenter size-full is-resized\"><img loading=\"lazy\" decoding=\"async\" width=\"190\" height=\"190\" src=\"https:\/\/www.enecon.net.co\/web\/wp-content\/uploads\/2025\/03\/errores-en-ejecucion-1.png\" alt=\"\" class=\"wp-image-3814\" style=\"width:262px;height:auto\" srcset=\"https:\/\/www.enecon.net.co\/web\/wp-content\/uploads\/2025\/03\/errores-en-ejecucion-1.png 190w, https:\/\/www.enecon.net.co\/web\/wp-content\/uploads\/2025\/03\/errores-en-ejecucion-1-150x150.png 150w\" sizes=\"auto, (max-width: 190px) 100vw, 190px\" \/><\/figure>\n<\/div>\n\n\n<p class=\"has-text-align-center\">Errores en la ejecuci\u00f3n.<\/p>\n\n\n\n<p class=\"has-text-align-center\"><\/p>\n<\/div>\n\n\n\n<div class=\"wp-block-column is-vertically-aligned-center is-layout-flow wp-block-column-is-layout-flow\"><div class=\"wp-block-image\">\n<figure class=\"aligncenter size-full is-resized\"><img loading=\"lazy\" decoding=\"async\" width=\"190\" height=\"190\" src=\"https:\/\/www.enecon.net.co\/web\/wp-content\/uploads\/2025\/03\/riesgos-electricos-1.png\" alt=\"\" class=\"wp-image-3815\" style=\"width:202px;height:auto\" srcset=\"https:\/\/www.enecon.net.co\/web\/wp-content\/uploads\/2025\/03\/riesgos-electricos-1.png 190w, https:\/\/www.enecon.net.co\/web\/wp-content\/uploads\/2025\/03\/riesgos-electricos-1-150x150.png 150w\" sizes=\"auto, (max-width: 190px) 100vw, 190px\" \/><\/figure>\n<\/div>\n\n\n<p class=\"has-text-align-center\">Exposici\u00f3n a peligros el\u00e9ctricos.<\/p>\n<\/div>\n<\/div>\n\n\n\n<div class=\"wp-block-group\"><div class=\"wp-block-group__inner-container is-layout-constrained wp-block-group-is-layout-constrained\">\n<div class=\"wp-block-columns is-layout-flex wp-container-core-columns-is-layout-9d6595d7 wp-block-columns-is-layout-flex\">\n<div class=\"wp-block-column is-vertically-aligned-center is-layout-flow wp-block-column-is-layout-flow\"><div class=\"wp-block-image\">\n<figure class=\"aligncenter size-full\"><img loading=\"lazy\" decoding=\"async\" width=\"190\" height=\"190\" src=\"https:\/\/www.enecon.net.co\/web\/wp-content\/uploads\/2025\/03\/incidentes-por-falta-de-recursos.png\" alt=\"\" class=\"wp-image-3816\" srcset=\"https:\/\/www.enecon.net.co\/web\/wp-content\/uploads\/2025\/03\/incidentes-por-falta-de-recursos.png 190w, https:\/\/www.enecon.net.co\/web\/wp-content\/uploads\/2025\/03\/incidentes-por-falta-de-recursos-150x150.png 150w\" sizes=\"auto, (max-width: 190px) 100vw, 190px\" \/><\/figure>\n<\/div>\n\n\n<p class=\"has-text-align-center\">Incidentes por falta de recursos.<\/p>\n<\/div>\n\n\n\n<div class=\"wp-block-column is-vertically-aligned-center is-layout-flow wp-block-column-is-layout-flow\"><div class=\"wp-block-image\">\n<figure class=\"aligncenter size-full is-resized\"><img loading=\"lazy\" decoding=\"async\" width=\"190\" height=\"190\" src=\"https:\/\/www.enecon.net.co\/web\/wp-content\/uploads\/2025\/03\/fallo-en-la-seguridad-operatvia-2.png\" alt=\"\" class=\"wp-image-3817\" style=\"width:218px;height:auto\" srcset=\"https:\/\/www.enecon.net.co\/web\/wp-content\/uploads\/2025\/03\/fallo-en-la-seguridad-operatvia-2.png 190w, https:\/\/www.enecon.net.co\/web\/wp-content\/uploads\/2025\/03\/fallo-en-la-seguridad-operatvia-2-150x150.png 150w\" sizes=\"auto, (max-width: 190px) 100vw, 190px\" \/><\/figure>\n<\/div>\n\n\n<p class=\"has-text-align-center\">fallos en la seguridad operativa <br><\/p>\n<\/div>\n<\/div>\n<\/div><\/div>\n\n\n\n<h3 class=\"wp-block-heading has-medium-font-size\"><strong>\u00a1Cifras que debes tener en cuenta!<\/strong><\/h3>\n\n\n\n<h3 class=\"wp-block-heading has-medium-font-size\"><\/h3>\n\n\n\n<div class=\"wp-block-media-text is-stacked-on-mobile\" style=\"grid-template-columns:24% auto\"><figure class=\"wp-block-media-text__media\"><img loading=\"lazy\" decoding=\"async\" width=\"190\" height=\"190\" src=\"https:\/\/www.enecon.net.co\/web\/wp-content\/uploads\/2025\/03\/75.png\" alt=\"\" class=\"wp-image-3799 size-full\" srcset=\"https:\/\/www.enecon.net.co\/web\/wp-content\/uploads\/2025\/03\/75.png 190w, https:\/\/www.enecon.net.co\/web\/wp-content\/uploads\/2025\/03\/75-150x150.png 150w\" sizes=\"auto, (max-width: 190px) 100vw, 190px\" \/><\/figure><div class=\"wp-block-media-text__content\">\n<p>de los accidentes laborales ocurren por fallos en la planificaci\u00f3n, seg\u00fan estudios de seguridad ocupacional. Una organizaci\u00f3n inadecuada de las \u00f3rdenes de trabajo incrementa los riesgos y puede desencadenar incidentes graves.<\/p>\n\n\n\n<p><\/p>\n<\/div><\/div>\n\n\n\n<p><br><br>Una buena planificaci\u00f3n es la base para evitar accidentes laborales. Al definir claramente las actividades, identificar los riesgos y establecer medidas de seguridad, se minimizan los peligros y se protege la integridad del equipo. Cada paso planificado es un avance hacia un entorno laboral m\u00e1s seguro.<\/p>\n\n\n\n<p>La responsabilidad de la seguridad es compartida. Promover una cultura de prevenci\u00f3n y cumplir con las normas garantiza que cada colaborador pueda realizar su trabajo con confianza y volver a casa sano y salvo. La planificaci\u00f3n no es opcional, es una garant\u00eda de bienestar.<\/p>\n\n\n\n<p><strong>Descubre m\u00e1s sobre el 1 #RetoYES 2025 orientado a la prevenci\u00f3n de  una mala planificaci\u00f3n de \u00d3rdenes de Trabajo en nuestro sitio web o sigui\u00e9ndonos en nuestras redes sociales. <\/strong><a href=\"https:\/\/www.enecon.net.co\/web\/\" data-type=\"link\" data-id=\"https:\/\/www.enecon.net.co\/web\/\">https:\/\/www.enecon.net.co\/web\/<\/a><\/p>\n\n\n\n<p><\/p>\n\n\n\n<h2 class=\"wp-block-heading has-text-align-center\">\u00a1Un abrazo te espera en casa!<\/h2>\n\n\n\n<figure class=\"wp-block-image size-large\"><img loading=\"lazy\" decoding=\"async\" width=\"1024\" height=\"550\" src=\"https:\/\/www.enecon.net.co\/web\/wp-content\/uploads\/2025\/03\/banner-2-1024x550.jpg\" alt=\"\" class=\"wp-image-3801\" srcset=\"https:\/\/www.enecon.net.co\/web\/wp-content\/uploads\/2025\/03\/banner-2-1024x550.jpg 1024w, https:\/\/www.enecon.net.co\/web\/wp-content\/uploads\/2025\/03\/banner-2-300x161.jpg 300w, https:\/\/www.enecon.net.co\/web\/wp-content\/uploads\/2025\/03\/banner-2-768x412.jpg 768w, https:\/\/www.enecon.net.co\/web\/wp-content\/uploads\/2025\/03\/banner-2.jpg 1201w\" sizes=\"auto, (max-width: 1024px) 100vw, 1024px\" \/><\/figure>\n\n\n\n<div class=\"wp-block-columns is-layout-flex wp-container-core-columns-is-layout-9d6595d7 wp-block-columns-is-layout-flex\">\n<div class=\"wp-block-column is-layout-flow wp-block-column-is-layout-flow\"><div class=\"wp-block-image\">\n<figure class=\"alignleft size-full is-resized\"><a href=\"https:\/\/www.facebook.com\/eneconsas\" target=\"_blank\" rel=\"noopener\"><img loading=\"lazy\" decoding=\"async\" width=\"130\" height=\"130\" src=\"https:\/\/www.enecon.net.co\/web\/wp-content\/uploads\/2024\/09\/icono-face-1.png\" alt=\"\" class=\"wp-image-3365\" style=\"width:68px;height:auto\"\/><\/a><\/figure>\n<\/div><\/div>\n\n\n\n<div class=\"wp-block-column is-layout-flow wp-block-column-is-layout-flow\"><div class=\"wp-block-image\">\n<figure class=\"alignleft size-full is-resized\"><a href=\"https:\/\/www.instagram.com\/eneconsas\/ \" target=\"_blank\" rel=\"noopener\"><img loading=\"lazy\" decoding=\"async\" width=\"130\" height=\"130\" src=\"https:\/\/www.enecon.net.co\/web\/wp-content\/uploads\/2024\/09\/icono-insta-1.png\" alt=\"\" class=\"wp-image-3368\" style=\"width:68px;height:auto\"\/><\/a><\/figure>\n<\/div><\/div>\n\n\n\n<div class=\"wp-block-column is-layout-flow wp-block-column-is-layout-flow\"><div class=\"wp-block-image\">\n<figure class=\"alignleft size-full is-resized\"><a href=\"https:\/\/www.linkedin.com\/company\/40655434\/admin\/page-posts\/published\/ \" target=\"_blank\" rel=\"noopener\"><img loading=\"lazy\" decoding=\"async\" width=\"130\" height=\"130\" src=\"https:\/\/www.enecon.net.co\/web\/wp-content\/uploads\/2024\/09\/icono-linkd-1.png\" alt=\"\" class=\"wp-image-3369\" style=\"width:72px;height:auto\"\/><\/a><\/figure>\n<\/div><\/div>\n\n\n\n<div class=\"wp-block-column is-layout-flow wp-block-column-is-layout-flow\"><div class=\"wp-block-image\">\n<figure class=\"alignleft size-full is-resized\"><a href=\"https:\/\/www.youtube.com\/@enecons.a.s9462  \" target=\"_blank\" rel=\"noopener\"><img loading=\"lazy\" decoding=\"async\" width=\"130\" height=\"129\" src=\"https:\/\/www.enecon.net.co\/web\/wp-content\/uploads\/2024\/09\/icono-yt.png\" alt=\"\" class=\"wp-image-3370\" style=\"width:66px;height:auto\"\/><\/a><\/figure>\n<\/div><\/div>\n<\/div>\n\n\n\n<figure class=\"wp-block-image size-large\"><img loading=\"lazy\" decoding=\"async\" width=\"1024\" height=\"369\" src=\"https:\/\/www.enecon.net.co\/web\/wp-content\/uploads\/2023\/07\/Enecon-Reto-YES-adiccion-drogas-y-alcohol-1-2-1024x369.jpg\" alt=\"Reto Yes enecon persona de frente colaborador\" class=\"wp-image-1893\" srcset=\"https:\/\/www.enecon.net.co\/web\/wp-content\/uploads\/2023\/07\/Enecon-Reto-YES-adiccion-drogas-y-alcohol-1-2-1024x369.jpg 1024w, https:\/\/www.enecon.net.co\/web\/wp-content\/uploads\/2023\/07\/Enecon-Reto-YES-adiccion-drogas-y-alcohol-1-2-300x108.jpg 300w, https:\/\/www.enecon.net.co\/web\/wp-content\/uploads\/2023\/07\/Enecon-Reto-YES-adiccion-drogas-y-alcohol-1-2-768x277.jpg 768w, https:\/\/www.enecon.net.co\/web\/wp-content\/uploads\/2023\/07\/Enecon-Reto-YES-adiccion-drogas-y-alcohol-1-2.jpg 1200w\" sizes=\"auto, (max-width: 1024px) 100vw, 1024px\" \/><\/figure>\n","protected":false},"excerpt":{"rendered":"<p>\u00bfSab\u00edas que una mala planificaci\u00f3n de las \u00f3rdenes de trabajo puede aumentar el riesgo de accidentes laborales? Una orden de trabajo mal planificada no solo pone en riesgo la integridad de los trabajadores, sino que tambi\u00e9n incrementa las probabilidades de incidentes graves. Los errores en la ejecuci\u00f3n, la exposici\u00f3n a peligros el\u00e9ctricos y la falta [&hellip;]<\/p>\n","protected":false},"author":1,"featured_media":3952,"comment_status":"closed","ping_status":"closed","sticky":false,"template":"","format":"standard","meta":{"content-type":"","_joinchat":[],"footnotes":""},"categories":[48],"tags":[55],"class_list":["post-3803","post","type-post","status-publish","format-standard","has-post-thumbnail","hentry","category-restoyes","tag-riesgo-de-transito"],"_links":{"self":[{"href":"https:\/\/www.enecon.net.co\/web\/wp-json\/wp\/v2\/posts\/3803","targetHints":{"allow":["GET"]}}],"collection":[{"href":"https:\/\/www.enecon.net.co\/web\/wp-json\/wp\/v2\/posts"}],"about":[{"href":"https:\/\/www.enecon.net.co\/web\/wp-json\/wp\/v2\/types\/post"}],"author":[{"embeddable":true,"href":"https:\/\/www.enecon.net.co\/web\/wp-json\/wp\/v2\/users\/1"}],"replies":[{"embeddable":true,"href":"https:\/\/www.enecon.net.co\/web\/wp-json\/wp\/v2\/comments?post=3803"}],"version-history":[{"count":3,"href":"https:\/\/www.enecon.net.co\/web\/wp-json\/wp\/v2\/posts\/3803\/revisions"}],"predecessor-version":[{"id":5310,"href":"https:\/\/www.enecon.net.co\/web\/wp-json\/wp\/v2\/posts\/3803\/revisions\/5310"}],"wp:featuredmedia":[{"embeddable":true,"href":"https:\/\/www.enecon.net.co\/web\/wp-json\/wp\/v2\/media\/3952"}],"wp:attachment":[{"href":"https:\/\/www.enecon.net.co\/web\/wp-json\/wp\/v2\/media?parent=3803"}],"wp:term":[{"taxonomy":"category","embeddable":true,"href":"https:\/\/www.enecon.net.co\/web\/wp-json\/wp\/v2\/categories?post=3803"},{"taxonomy":"post_tag","embeddable":true,"href":"https:\/\/www.enecon.net.co\/web\/wp-json\/wp\/v2\/tags?post=3803"}],"curies":[{"name":"wp","href":"https:\/\/api.w.org\/{rel}","templated":true}]}}