{"id":3783,"date":"2025-03-11T11:41:31","date_gmt":"2025-03-11T16:41:31","guid":{"rendered":"https:\/\/www.enecon.net.co\/web\/?p=3783"},"modified":"2025-03-11T11:41:33","modified_gmt":"2025-03-11T16:41:33","slug":"logra-el-retoyes-con-una-adecuada-planificacion-laboral","status":"publish","type":"post","link":"https:\/\/www.enecon.net.co\/web\/logra-el-retoyes-con-una-adecuada-planificacion-laboral\/","title":{"rendered":"Logra el #RetoYES con una adecuada planificaci\u00f3n laboral"},"content":{"rendered":"\n<h2 class=\"wp-block-heading\">\u2728\ufe0f \u00bfSab\u00edas que la Resoluci\u00f3n 5018 exige planificaci\u00f3n en las \u00f3rdenes de trabajo?<\/h2>\n\n\n\n<p>Una mala planificaci\u00f3n en el trabajo puede generar accidentes graves, afectar la productividad y poner en riesgo la vida de los colaboradores. La Resoluci\u00f3n 5018 establece criterios fundamentales para la organizaci\u00f3n de las \u00f3rdenes de trabajo, asegurando que se contemplen todos los riesgos y medidas de control necesarias antes de iniciar cualquier actividad.<\/p>\n\n\n\n<p>Cuando no se toman en cuenta estos requisitos, las consecuencias pueden ser severas. Desde accidentes laborales hasta problemas legales y reputacionales para la empresa. Por eso, es clave conocer c\u00f3mo aplicar correctamente la normativa y cumplir con el #RetoYES en la seguridad laboral.<\/p>\n\n\n\n<p><\/p>\n\n\n\n<h3 class=\"wp-block-heading has-medium-font-size\"><strong>\u00bfC\u00f3mo lograr el <\/strong>#<strong>RetoYes<\/strong>? <strong>Sigue est\u00e1s pr\u00e1cticas:<\/strong><\/h3>\n\n\n\n<div class=\"wp-block-columns is-layout-flex wp-container-core-columns-is-layout-9d6595d7 wp-block-columns-is-layout-flex\">\n<div class=\"wp-block-column is-vertically-aligned-center is-layout-flow wp-block-column-is-layout-flow\"><div class=\"wp-block-image\">\n<figure class=\"aligncenter size-full is-resized\"><img loading=\"lazy\" decoding=\"async\" width=\"190\" height=\"190\" src=\"https:\/\/www.enecon.net.co\/web\/wp-content\/uploads\/2025\/03\/Diagnostico-previo.png\" alt=\"\" class=\"wp-image-3790\" style=\"width:203px;height:auto\" srcset=\"https:\/\/www.enecon.net.co\/web\/wp-content\/uploads\/2025\/03\/Diagnostico-previo.png 190w, https:\/\/www.enecon.net.co\/web\/wp-content\/uploads\/2025\/03\/Diagnostico-previo-150x150.png 150w\" sizes=\"auto, (max-width: 190px) 100vw, 190px\" \/><\/figure>\n<\/div>\n\n\n<p class=\"has-text-align-center\">Realiza un diagn\u00f3stico previo para conocer las condiciones de la labor<\/p>\n\n\n\n<p class=\"has-text-align-center\"><\/p>\n<\/div>\n\n\n\n<div class=\"wp-block-column is-vertically-aligned-center is-layout-flow wp-block-column-is-layout-flow\"><div class=\"wp-block-image\">\n<figure class=\"aligncenter size-full is-resized\"><img loading=\"lazy\" decoding=\"async\" width=\"190\" height=\"190\" src=\"https:\/\/www.enecon.net.co\/web\/wp-content\/uploads\/2025\/03\/Analiza-los-riesgos.png\" alt=\"\" class=\"wp-image-3791\" style=\"width:154px;height:auto\" srcset=\"https:\/\/www.enecon.net.co\/web\/wp-content\/uploads\/2025\/03\/Analiza-los-riesgos.png 190w, https:\/\/www.enecon.net.co\/web\/wp-content\/uploads\/2025\/03\/Analiza-los-riesgos-150x150.png 150w\" sizes=\"auto, (max-width: 190px) 100vw, 190px\" \/><\/figure>\n<\/div>\n\n\n<p class=\"has-text-align-center\">Identifica y analiza todos los riesgos involucrados.<\/p>\n<\/div>\n\n\n\n<div class=\"wp-block-column is-vertically-aligned-center is-layout-flow wp-block-column-is-layout-flow\"><div class=\"wp-block-image\">\n<figure class=\"aligncenter size-full is-resized\"><img loading=\"lazy\" decoding=\"async\" width=\"190\" height=\"190\" src=\"https:\/\/www.enecon.net.co\/web\/wp-content\/uploads\/2025\/03\/define-los-controles-necesarios.png\" alt=\"\" class=\"wp-image-3792\" style=\"width:203px;height:auto\" srcset=\"https:\/\/www.enecon.net.co\/web\/wp-content\/uploads\/2025\/03\/define-los-controles-necesarios.png 190w, https:\/\/www.enecon.net.co\/web\/wp-content\/uploads\/2025\/03\/define-los-controles-necesarios-150x150.png 150w\" sizes=\"auto, (max-width: 190px) 100vw, 190px\" \/><\/figure>\n<\/div>\n\n\n<p class=\"has-text-align-center\">Define los controles necesarios antes de iniciar cualquier actividad.<\/p>\n\n\n\n<p class=\"has-text-align-center\"><\/p>\n<\/div>\n<\/div>\n\n\n\n<div class=\"wp-block-group\"><div class=\"wp-block-group__inner-container is-layout-constrained wp-block-group-is-layout-constrained\">\n<div class=\"wp-block-columns is-layout-flex wp-container-core-columns-is-layout-9d6595d7 wp-block-columns-is-layout-flex\">\n<div class=\"wp-block-column is-vertically-aligned-center is-layout-flow wp-block-column-is-layout-flow\">\n<p class=\"has-text-align-center\"><\/p>\n\n\n\n<div class=\"wp-block-columns is-layout-flex wp-container-core-columns-is-layout-9d6595d7 wp-block-columns-is-layout-flex\">\n<div class=\"wp-block-column is-vertically-aligned-center is-layout-flow wp-block-column-is-layout-flow\"><div class=\"wp-block-image\">\n<figure class=\"aligncenter size-full is-resized\"><img loading=\"lazy\" decoding=\"async\" width=\"190\" height=\"190\" src=\"https:\/\/www.enecon.net.co\/web\/wp-content\/uploads\/2025\/03\/prioriza-la-seguridad.png\" alt=\"\" class=\"wp-image-3793\" style=\"width:203px;height:auto\" srcset=\"https:\/\/www.enecon.net.co\/web\/wp-content\/uploads\/2025\/03\/prioriza-la-seguridad.png 190w, https:\/\/www.enecon.net.co\/web\/wp-content\/uploads\/2025\/03\/prioriza-la-seguridad-150x150.png 150w\" sizes=\"auto, (max-width: 190px) 100vw, 190px\" \/><\/figure>\n<\/div>\n\n\n<p class=\"has-text-align-center\">Prioriza la seguridad sobre la urgencia o el cumplimiento de metas.<\/p>\n\n\n\n<p class=\"has-text-align-center\"><\/p>\n<\/div>\n\n\n\n<div class=\"wp-block-column is-vertically-aligned-center is-layout-flow wp-block-column-is-layout-flow\"><div class=\"wp-block-image\">\n<figure class=\"aligncenter size-full is-resized\"><img loading=\"lazy\" decoding=\"async\" width=\"190\" height=\"190\" src=\"https:\/\/www.enecon.net.co\/web\/wp-content\/uploads\/2025\/03\/asegurate-que-ningun-colaborador.png\" alt=\"\" class=\"wp-image-3794\" style=\"width:154px;height:auto\" srcset=\"https:\/\/www.enecon.net.co\/web\/wp-content\/uploads\/2025\/03\/asegurate-que-ningun-colaborador.png 190w, https:\/\/www.enecon.net.co\/web\/wp-content\/uploads\/2025\/03\/asegurate-que-ningun-colaborador-150x150.png 150w\" sizes=\"auto, (max-width: 190px) 100vw, 190px\" \/><\/figure>\n<\/div>\n\n\n<p class=\"has-text-align-center\">Aseg\u00farate de que ning\u00fan colaborador o persona externa est\u00e9 expuesto a riesgos no controlados.<\/p>\n<\/div>\n<\/div>\n<\/div>\n<\/div>\n<\/div><\/div>\n\n\n\n<p class=\"has-text-align-center\"><\/p>\n\n\n\n<h3 class=\"wp-block-heading has-medium-font-size\"><strong>\u00bfCu\u00e1les son los riesgos?<\/strong><\/h3>\n\n\n\n<div class=\"wp-block-columns is-layout-flex wp-container-core-columns-is-layout-9d6595d7 wp-block-columns-is-layout-flex\">\n<div class=\"wp-block-column is-vertically-aligned-center is-layout-flow wp-block-column-is-layout-flow\"><div class=\"wp-block-image\">\n<figure class=\"aligncenter size-full is-resized\"><img loading=\"lazy\" decoding=\"async\" width=\"190\" height=\"190\" src=\"https:\/\/www.enecon.net.co\/web\/wp-content\/uploads\/2025\/03\/sobre-carga-laboral.png\" alt=\"\" class=\"wp-image-3795\" style=\"width:262px;height:auto\" srcset=\"https:\/\/www.enecon.net.co\/web\/wp-content\/uploads\/2025\/03\/sobre-carga-laboral.png 190w, https:\/\/www.enecon.net.co\/web\/wp-content\/uploads\/2025\/03\/sobre-carga-laboral-150x150.png 150w\" sizes=\"auto, (max-width: 190px) 100vw, 190px\" \/><\/figure>\n<\/div>\n\n\n<p class=\"has-text-align-center\">Sobrecarga laboral y fatiga extrema.<\/p>\n\n\n\n<p class=\"has-text-align-center\"><\/p>\n<\/div>\n\n\n\n<div class=\"wp-block-column is-vertically-aligned-center is-layout-flow wp-block-column-is-layout-flow\"><div class=\"wp-block-image\">\n<figure class=\"aligncenter size-full is-resized\"><img loading=\"lazy\" decoding=\"async\" width=\"190\" height=\"190\" src=\"https:\/\/www.enecon.net.co\/web\/wp-content\/uploads\/2025\/03\/uso-innadecuado-de-herramientas.png\" alt=\"\" class=\"wp-image-3796\" style=\"width:202px;height:auto\" srcset=\"https:\/\/www.enecon.net.co\/web\/wp-content\/uploads\/2025\/03\/uso-innadecuado-de-herramientas.png 190w, https:\/\/www.enecon.net.co\/web\/wp-content\/uploads\/2025\/03\/uso-innadecuado-de-herramientas-150x150.png 150w\" sizes=\"auto, (max-width: 190px) 100vw, 190px\" \/><\/figure>\n<\/div>\n\n\n<p class=\"has-text-align-center\">Uso inadecuado de herramientas y equipos.<\/p>\n<\/div>\n<\/div>\n\n\n\n<div class=\"wp-block-group\"><div class=\"wp-block-group__inner-container is-layout-constrained wp-block-group-is-layout-constrained\">\n<div class=\"wp-block-columns is-layout-flex wp-container-core-columns-is-layout-9d6595d7 wp-block-columns-is-layout-flex\">\n<div class=\"wp-block-column is-vertically-aligned-center is-layout-flow wp-block-column-is-layout-flow\"><div class=\"wp-block-image\">\n<figure class=\"aligncenter size-full\"><img loading=\"lazy\" decoding=\"async\" width=\"190\" height=\"190\" src=\"https:\/\/www.enecon.net.co\/web\/wp-content\/uploads\/2025\/03\/falta-de-comunicacion.png\" alt=\"\" class=\"wp-image-3797\" srcset=\"https:\/\/www.enecon.net.co\/web\/wp-content\/uploads\/2025\/03\/falta-de-comunicacion.png 190w, https:\/\/www.enecon.net.co\/web\/wp-content\/uploads\/2025\/03\/falta-de-comunicacion-150x150.png 150w\" sizes=\"auto, (max-width: 190px) 100vw, 190px\" \/><\/figure>\n<\/div>\n\n\n<p class=\"has-text-align-center\">Falta de comunicaci\u00f3n en la coordinaci\u00f3n de tareas.<\/p>\n<\/div>\n\n\n\n<div class=\"wp-block-column is-vertically-aligned-center is-layout-flow wp-block-column-is-layout-flow\"><div class=\"wp-block-image\">\n<figure class=\"aligncenter size-full is-resized\"><img loading=\"lazy\" decoding=\"async\" width=\"190\" height=\"190\" src=\"https:\/\/www.enecon.net.co\/web\/wp-content\/uploads\/2025\/03\/retrasos.png\" alt=\"\" class=\"wp-image-3798\" style=\"width:218px;height:auto\" srcset=\"https:\/\/www.enecon.net.co\/web\/wp-content\/uploads\/2025\/03\/retrasos.png 190w, https:\/\/www.enecon.net.co\/web\/wp-content\/uploads\/2025\/03\/retrasos-150x150.png 150w\" sizes=\"auto, (max-width: 190px) 100vw, 190px\" \/><\/figure>\n<\/div>\n\n\n<p class=\"has-text-align-center\">Retrasos y costos adicionales por improvisaci\u00f3n.<br><\/p>\n<\/div>\n<\/div>\n<\/div><\/div>\n\n\n\n<h3 class=\"wp-block-heading has-medium-font-size\"><strong>\u00a1Cifras que debes tener en cuenta!<\/strong><\/h3>\n\n\n\n<h3 class=\"wp-block-heading has-medium-font-size\"><\/h3>\n\n\n\n<div class=\"wp-block-media-text is-stacked-on-mobile\" style=\"grid-template-columns:24% auto\"><figure class=\"wp-block-media-text__media\"><img loading=\"lazy\" decoding=\"async\" width=\"190\" height=\"190\" src=\"https:\/\/www.enecon.net.co\/web\/wp-content\/uploads\/2025\/03\/75.png\" alt=\"\" class=\"wp-image-3799 size-full\" srcset=\"https:\/\/www.enecon.net.co\/web\/wp-content\/uploads\/2025\/03\/75.png 190w, https:\/\/www.enecon.net.co\/web\/wp-content\/uploads\/2025\/03\/75-150x150.png 150w\" sizes=\"auto, (max-width: 190px) 100vw, 190px\" \/><\/figure><div class=\"wp-block-media-text__content\">\n<p>de los accidentes laborales ocurren por fallos en la planificaci\u00f3n, seg\u00fan estudios de seguridad ocupacional. Una mala organizaci\u00f3n de las \u00f3rdenes de trabajo puede generar riesgos innecesarios, aumentando la posibilidad de incidentes graves en el entorno laboral.<\/p>\n\n\n\n<p><\/p>\n<\/div><\/div>\n\n\n\n<div class=\"wp-block-media-text is-stacked-on-mobile\" style=\"grid-template-columns:25% auto\"><figure class=\"wp-block-media-text__media\"><img loading=\"lazy\" decoding=\"async\" width=\"190\" height=\"190\" src=\"https:\/\/www.enecon.net.co\/web\/wp-content\/uploads\/2025\/03\/2.78.png\" alt=\"\" class=\"wp-image-3800 size-full\" srcset=\"https:\/\/www.enecon.net.co\/web\/wp-content\/uploads\/2025\/03\/2.78.png 190w, https:\/\/www.enecon.net.co\/web\/wp-content\/uploads\/2025\/03\/2.78-150x150.png 150w\" sizes=\"auto, (max-width: 190px) 100vw, 190px\" \/><\/figure><div class=\"wp-block-media-text__content\">\n<p>millones de muertes se registran relacionadas con el trabajo en el mundo, seg\u00fan la OIT. Una parte significativa de estos casos podr\u00eda prevenirse mediante una adecuada gesti\u00f3n de riesgos y planificaci\u00f3n de las actividades.<\/p>\n\n\n\n<p><\/p>\n<\/div><\/div>\n\n\n\n<p><br><br>La seguridad laboral no es una opci\u00f3n, es una responsabilidad. Una buena planificaci\u00f3n no solo reduce accidentes, sino que tambi\u00e9n optimiza los recursos y mejora la productividad de la empresa. Implementar medidas adecuadas garantiza un entorno laboral m\u00e1s seguro para todos. \u00a1No dejes nada al azar!<\/p>\n\n\n\n<p>Cada colaborador tiene un papel fundamental en la seguridad. Siguiendo las normas y promoviendo una cultura de prevenci\u00f3n, podemos reducir los riesgos y hacer del lugar de trabajo un espacio m\u00e1s seguro para todos. La planificaci\u00f3n adecuada es el primer paso para lograrlo.<\/p>\n\n\n\n<p><strong>Descubre m\u00e1s sobre el 1 #RetoYES 2025 orientado a la prevenci\u00f3n de  una mala planificaci\u00f3n de \u00d3rdenes de Trabajo en nuestro sitio web o sigui\u00e9ndonos en nuestras redes sociales. <\/strong><a href=\"https:\/\/www.enecon.net.co\/web\/\" data-type=\"link\" data-id=\"https:\/\/www.enecon.net.co\/web\/\">https:\/\/www.enecon.net.co\/web\/<\/a><\/p>\n\n\n\n<p><\/p>\n\n\n\n<h2 class=\"wp-block-heading has-text-align-center\">\u00a1Un abrazo te espera en casa!<\/h2>\n\n\n\n<figure class=\"wp-block-image size-large\"><img loading=\"lazy\" decoding=\"async\" width=\"1024\" height=\"550\" src=\"https:\/\/www.enecon.net.co\/web\/wp-content\/uploads\/2025\/03\/banner-2-1024x550.jpg\" alt=\"\" class=\"wp-image-3801\" srcset=\"https:\/\/www.enecon.net.co\/web\/wp-content\/uploads\/2025\/03\/banner-2-1024x550.jpg 1024w, https:\/\/www.enecon.net.co\/web\/wp-content\/uploads\/2025\/03\/banner-2-300x161.jpg 300w, https:\/\/www.enecon.net.co\/web\/wp-content\/uploads\/2025\/03\/banner-2-768x412.jpg 768w, https:\/\/www.enecon.net.co\/web\/wp-content\/uploads\/2025\/03\/banner-2.jpg 1201w\" sizes=\"auto, (max-width: 1024px) 100vw, 1024px\" \/><\/figure>\n\n\n\n<div class=\"wp-block-columns is-layout-flex wp-container-core-columns-is-layout-9d6595d7 wp-block-columns-is-layout-flex\">\n<div class=\"wp-block-column is-layout-flow wp-block-column-is-layout-flow\"><div class=\"wp-block-image\">\n<figure class=\"alignleft size-full is-resized\"><a href=\"https:\/\/www.facebook.com\/eneconsas\" target=\"_blank\" rel=\"noopener\"><img loading=\"lazy\" decoding=\"async\" width=\"130\" height=\"130\" src=\"https:\/\/www.enecon.net.co\/web\/wp-content\/uploads\/2024\/09\/icono-face-1.png\" alt=\"\" class=\"wp-image-3365\" style=\"width:68px;height:auto\"\/><\/a><\/figure>\n<\/div><\/div>\n\n\n\n<div class=\"wp-block-column is-layout-flow wp-block-column-is-layout-flow\"><div class=\"wp-block-image\">\n<figure class=\"alignleft size-full is-resized\"><a href=\"https:\/\/www.instagram.com\/eneconsas\/ \" target=\"_blank\" rel=\"noopener\"><img loading=\"lazy\" decoding=\"async\" width=\"130\" height=\"130\" src=\"https:\/\/www.enecon.net.co\/web\/wp-content\/uploads\/2024\/09\/icono-insta-1.png\" alt=\"\" class=\"wp-image-3368\" style=\"width:68px;height:auto\"\/><\/a><\/figure>\n<\/div><\/div>\n\n\n\n<div class=\"wp-block-column is-layout-flow wp-block-column-is-layout-flow\"><div class=\"wp-block-image\">\n<figure class=\"alignleft size-full is-resized\"><a href=\"https:\/\/www.linkedin.com\/company\/40655434\/admin\/page-posts\/published\/ \" target=\"_blank\" rel=\"noopener\"><img loading=\"lazy\" decoding=\"async\" width=\"130\" height=\"130\" src=\"https:\/\/www.enecon.net.co\/web\/wp-content\/uploads\/2024\/09\/icono-linkd-1.png\" alt=\"\" class=\"wp-image-3369\" style=\"width:72px;height:auto\"\/><\/a><\/figure>\n<\/div><\/div>\n\n\n\n<div class=\"wp-block-column is-layout-flow wp-block-column-is-layout-flow\"><div class=\"wp-block-image\">\n<figure class=\"alignleft size-full is-resized\"><a href=\"https:\/\/www.youtube.com\/@enecons.a.s9462  \" target=\"_blank\" rel=\"noopener\"><img loading=\"lazy\" decoding=\"async\" width=\"130\" height=\"129\" src=\"https:\/\/www.enecon.net.co\/web\/wp-content\/uploads\/2024\/09\/icono-yt.png\" alt=\"\" class=\"wp-image-3370\" style=\"width:66px;height:auto\"\/><\/a><\/figure>\n<\/div><\/div>\n<\/div>\n\n\n\n<figure class=\"wp-block-image size-large\"><img loading=\"lazy\" decoding=\"async\" width=\"1024\" height=\"369\" src=\"https:\/\/www.enecon.net.co\/web\/wp-content\/uploads\/2023\/07\/Enecon-Reto-YES-adiccion-drogas-y-alcohol-1-2-1024x369.jpg\" alt=\"Reto Yes enecon persona de frente colaborador\" class=\"wp-image-1893\" srcset=\"https:\/\/www.enecon.net.co\/web\/wp-content\/uploads\/2023\/07\/Enecon-Reto-YES-adiccion-drogas-y-alcohol-1-2-1024x369.jpg 1024w, https:\/\/www.enecon.net.co\/web\/wp-content\/uploads\/2023\/07\/Enecon-Reto-YES-adiccion-drogas-y-alcohol-1-2-300x108.jpg 300w, https:\/\/www.enecon.net.co\/web\/wp-content\/uploads\/2023\/07\/Enecon-Reto-YES-adiccion-drogas-y-alcohol-1-2-768x277.jpg 768w, https:\/\/www.enecon.net.co\/web\/wp-content\/uploads\/2023\/07\/Enecon-Reto-YES-adiccion-drogas-y-alcohol-1-2.jpg 1200w\" sizes=\"auto, (max-width: 1024px) 100vw, 1024px\" \/><\/figure>\n","protected":false},"excerpt":{"rendered":"<p>\u2728\ufe0f \u00bfSab\u00edas que la Resoluci\u00f3n 5018 exige planificaci\u00f3n en las \u00f3rdenes de trabajo? Una mala planificaci\u00f3n en el trabajo puede generar accidentes graves, afectar la productividad y poner en riesgo la vida de los colaboradores. La Resoluci\u00f3n 5018 establece criterios fundamentales para la organizaci\u00f3n de las \u00f3rdenes de trabajo, asegurando que se contemplen todos los [&hellip;]<\/p>\n","protected":false},"author":1,"featured_media":3801,"comment_status":"closed","ping_status":"closed","sticky":false,"template":"","format":"standard","meta":{"content-type":"","_joinchat":[],"footnotes":""},"categories":[48],"tags":[55],"class_list":["post-3783","post","type-post","status-publish","format-standard","has-post-thumbnail","hentry","category-restoyes","tag-riesgo-de-transito"],"_links":{"self":[{"href":"https:\/\/www.enecon.net.co\/web\/wp-json\/wp\/v2\/posts\/3783","targetHints":{"allow":["GET"]}}],"collection":[{"href":"https:\/\/www.enecon.net.co\/web\/wp-json\/wp\/v2\/posts"}],"about":[{"href":"https:\/\/www.enecon.net.co\/web\/wp-json\/wp\/v2\/types\/post"}],"author":[{"embeddable":true,"href":"https:\/\/www.enecon.net.co\/web\/wp-json\/wp\/v2\/users\/1"}],"replies":[{"embeddable":true,"href":"https:\/\/www.enecon.net.co\/web\/wp-json\/wp\/v2\/comments?post=3783"}],"version-history":[{"count":5,"href":"https:\/\/www.enecon.net.co\/web\/wp-json\/wp\/v2\/posts\/3783\/revisions"}],"predecessor-version":[{"id":3802,"href":"https:\/\/www.enecon.net.co\/web\/wp-json\/wp\/v2\/posts\/3783\/revisions\/3802"}],"wp:featuredmedia":[{"embeddable":true,"href":"https:\/\/www.enecon.net.co\/web\/wp-json\/wp\/v2\/media\/3801"}],"wp:attachment":[{"href":"https:\/\/www.enecon.net.co\/web\/wp-json\/wp\/v2\/media?parent=3783"}],"wp:term":[{"taxonomy":"category","embeddable":true,"href":"https:\/\/www.enecon.net.co\/web\/wp-json\/wp\/v2\/categories?post=3783"},{"taxonomy":"post_tag","embeddable":true,"href":"https:\/\/www.enecon.net.co\/web\/wp-json\/wp\/v2\/tags?post=3783"}],"curies":[{"name":"wp","href":"https:\/\/api.w.org\/{rel}","templated":true}]}}