{"id":3714,"date":"2024-12-20T14:02:46","date_gmt":"2024-12-20T19:02:46","guid":{"rendered":"https:\/\/www.enecon.net.co\/web\/?p=3714"},"modified":"2024-12-20T14:02:47","modified_gmt":"2024-12-20T19:02:47","slug":"retoyes-2024-yo-estoy-seguro-un-abrazo-te-espera-en-casa","status":"publish","type":"post","link":"https:\/\/www.enecon.net.co\/web\/retoyes-2024-yo-estoy-seguro-un-abrazo-te-espera-en-casa\/","title":{"rendered":"#RetoYES 2024: Yo Estoy Seguro &#8211; \u00a0Un abrazo te espera en casa."},"content":{"rendered":"\n<h3 class=\"wp-block-heading\"><strong>\u00bfQu\u00e9 logramos en este #RetoYES 2024?<\/strong><\/h3>\n\n\n\n<p>En Enecon, la seguridad de nuestros colaboradores es una de nuestras mayores prioridades. Por eso, hemos lanzado la campa\u00f1a #RetoYES (Yo Estoy Seguro), una iniciativa enfocada en la prevenci\u00f3n de riesgos laborales y el fomento de un entorno de trabajo seguro para todos. Con esta campa\u00f1a, buscamos involucrar a cada uno de nuestros colaboradores en la creaci\u00f3n de una cultura de seguridad y autocuidado, asegurando que todos lleguen sanos y salvos a casa al final del d\u00eda.<\/p>\n\n\n<div class=\"wp-block-image\">\n<figure class=\"alignleft size-large is-resized\"><img loading=\"lazy\" decoding=\"async\" width=\"1024\" height=\"550\" src=\"https:\/\/www.enecon.net.co\/web\/wp-content\/uploads\/2024\/12\/2024-12-20_Enecon_portada-web-1024x550.jpg\" alt=\"\" class=\"wp-image-3731\" style=\"width:845px;height:auto\" srcset=\"https:\/\/www.enecon.net.co\/web\/wp-content\/uploads\/2024\/12\/2024-12-20_Enecon_portada-web-1024x550.jpg 1024w, https:\/\/www.enecon.net.co\/web\/wp-content\/uploads\/2024\/12\/2024-12-20_Enecon_portada-web-300x161.jpg 300w, https:\/\/www.enecon.net.co\/web\/wp-content\/uploads\/2024\/12\/2024-12-20_Enecon_portada-web-768x412.jpg 768w, https:\/\/www.enecon.net.co\/web\/wp-content\/uploads\/2024\/12\/2024-12-20_Enecon_portada-web.jpg 1201w\" sizes=\"auto, (max-width: 1024px) 100vw, 1024px\" \/><\/figure>\n<\/div>\n\n\n<h3 class=\"wp-block-heading\"><strong>#RetoYES: La Seguridad empieza con un S\u00ed<\/strong><\/h3>\n\n\n\n<p>La campa\u00f1a #RetoYES est\u00e1 dise\u00f1ada para que cada colaborador de Enecon participe activamente en la prevenci\u00f3n de riesgos laborales. Al decir S\u00ed a la seguridad, decimos S\u00ed a:<\/p>\n\n\n\n<div class=\"wp-block-columns is-layout-flex wp-container-core-columns-is-layout-9d6595d7 wp-block-columns-is-layout-flex\">\n<div class=\"wp-block-column is-vertically-aligned-center is-layout-flow wp-block-column-is-layout-flow\"><div class=\"wp-block-image\">\n<figure class=\"aligncenter size-full is-resized\"><img loading=\"lazy\" decoding=\"async\" width=\"190\" height=\"190\" src=\"https:\/\/www.enecon.net.co\/web\/wp-content\/uploads\/2024\/12\/cuidarnos-nosotros-mismos.png\" alt=\"\" class=\"wp-image-3720\" style=\"width:186px;height:auto\" srcset=\"https:\/\/www.enecon.net.co\/web\/wp-content\/uploads\/2024\/12\/cuidarnos-nosotros-mismos.png 190w, https:\/\/www.enecon.net.co\/web\/wp-content\/uploads\/2024\/12\/cuidarnos-nosotros-mismos-150x150.png 150w\" sizes=\"auto, (max-width: 190px) 100vw, 190px\" \/><\/figure>\n<\/div>\n\n\n<p class=\"has-text-align-center\">Cuidarnos a nosotros mismos:<\/p>\n\n\n\n<p class=\"has-text-align-center\"><\/p>\n<\/div>\n\n\n\n<div class=\"wp-block-column is-vertically-aligned-center is-layout-flow wp-block-column-is-layout-flow\"><div class=\"wp-block-image\">\n<figure class=\"aligncenter size-full is-resized\"><img loading=\"lazy\" decoding=\"async\" width=\"190\" height=\"190\" src=\"https:\/\/www.enecon.net.co\/web\/wp-content\/uploads\/2024\/12\/cuidar-a-los-demas-1.png\" alt=\"\" class=\"wp-image-3721\" style=\"width:158px;height:auto\" srcset=\"https:\/\/www.enecon.net.co\/web\/wp-content\/uploads\/2024\/12\/cuidar-a-los-demas-1.png 190w, https:\/\/www.enecon.net.co\/web\/wp-content\/uploads\/2024\/12\/cuidar-a-los-demas-1-150x150.png 150w\" sizes=\"auto, (max-width: 190px) 100vw, 190px\" \/><\/figure>\n<\/div>\n\n\n<p class=\"has-text-align-center\">Cuidar a los dem\u00e1s:<\/p>\n\n\n\n<p class=\"has-text-align-center\"><\/p>\n<\/div>\n\n\n\n<div class=\"wp-block-column is-vertically-aligned-center is-layout-flow wp-block-column-is-layout-flow\"><div class=\"wp-block-image\">\n<figure class=\"aligncenter size-full\"><img loading=\"lazy\" decoding=\"async\" width=\"190\" height=\"190\" src=\"https:\/\/www.enecon.net.co\/web\/wp-content\/uploads\/2024\/12\/prevenir-accidentes.png\" alt=\"\" class=\"wp-image-3722\" srcset=\"https:\/\/www.enecon.net.co\/web\/wp-content\/uploads\/2024\/12\/prevenir-accidentes.png 190w, https:\/\/www.enecon.net.co\/web\/wp-content\/uploads\/2024\/12\/prevenir-accidentes-150x150.png 150w\" sizes=\"auto, (max-width: 190px) 100vw, 190px\" \/><\/figure>\n<\/div>\n\n\n<p class=\"has-text-align-center\">0 accidentes laborales<\/p>\n\n\n\n<p class=\"has-text-align-center\"><\/p>\n<\/div>\n\n\n\n<div class=\"wp-block-column is-vertically-aligned-center is-layout-flow wp-block-column-is-layout-flow\"><div class=\"wp-block-image\">\n<figure class=\"aligncenter size-full is-resized\"><img loading=\"lazy\" decoding=\"async\" width=\"190\" height=\"190\" src=\"https:\/\/www.enecon.net.co\/web\/wp-content\/uploads\/2024\/11\/se-un-embajador.png\" alt=\"\" class=\"wp-image-3570\" style=\"width:190px;height:auto\" srcset=\"https:\/\/www.enecon.net.co\/web\/wp-content\/uploads\/2024\/11\/se-un-embajador.png 190w, https:\/\/www.enecon.net.co\/web\/wp-content\/uploads\/2024\/11\/se-un-embajador-150x150.png 150w\" sizes=\"auto, (max-width: 190px) 100vw, 190px\" \/><\/figure>\n<\/div>\n\n\n<p class=\"has-text-align-center\">Ser un #EmbajadorDeEnecon<\/p>\n\n\n\n<p class=\"has-text-align-center\"><\/p>\n<\/div>\n<\/div>\n\n\n\n<h3 class=\"wp-block-heading\"><strong>\u00bfC\u00f3mo nos fue en este #RetoYES 2024?<\/strong><\/h3>\n\n\n\n<p>1 #RetoYES &#8211; Riesgo El\u00e9ctrico<\/p>\n\n\n\n<div class=\"wp-block-media-text is-stacked-on-mobile\" style=\"grid-template-columns:25% auto\"><figure class=\"wp-block-media-text__media\"><img loading=\"lazy\" decoding=\"async\" width=\"190\" height=\"190\" src=\"https:\/\/www.enecon.net.co\/web\/wp-content\/uploads\/2024\/12\/52.png\" alt=\"\" class=\"wp-image-3723 size-full\" srcset=\"https:\/\/www.enecon.net.co\/web\/wp-content\/uploads\/2024\/12\/52.png 190w, https:\/\/www.enecon.net.co\/web\/wp-content\/uploads\/2024\/12\/52-150x150.png 150w\" sizes=\"auto, (max-width: 190px) 100vw, 190px\" \/><\/figure><div class=\"wp-block-media-text__content\">\n<p><strong>participantes<\/strong> representaron el 27.2% del total en el primer sub-reto de <strong>Riesgo El\u00e9ctrico<\/strong>, destacando con acciones espec\u00edficas en campo y fortaleciendo la prevenci\u00f3n de riesgos el\u00e9ctricos.<\/p>\n\n\n\n<p><\/p>\n<\/div><\/div>\n\n\n\n<p>2 #RetoYES &#8211; Riesgo Altura<\/p>\n\n\n\n<div class=\"wp-block-media-text is-stacked-on-mobile\" style=\"grid-template-columns:25% auto\"><figure class=\"wp-block-media-text__media\"><img loading=\"lazy\" decoding=\"async\" width=\"190\" height=\"190\" src=\"https:\/\/www.enecon.net.co\/web\/wp-content\/uploads\/2024\/12\/46.png\" alt=\"\" class=\"wp-image-3724 size-full\" srcset=\"https:\/\/www.enecon.net.co\/web\/wp-content\/uploads\/2024\/12\/46.png 190w, https:\/\/www.enecon.net.co\/web\/wp-content\/uploads\/2024\/12\/46-150x150.png 150w\" sizes=\"auto, (max-width: 190px) 100vw, 190px\" \/><\/figure><div class=\"wp-block-media-text__content\">\n<p><strong>participantes<\/strong>, equivalente al 24.1%, se unieron al segundo sub-reto de <strong>Riesgo en Alturas<\/strong>, logrando anotar un \u00abgol\u00bb en seguridad laboral al promover buenas pr\u00e1cticas.<\/p>\n\n\n\n<p><\/p>\n<\/div><\/div>\n\n\n\n<p>3 #RetoYES &#8211; Riesgo Tr\u00e1nsito<\/p>\n\n\n\n<div class=\"wp-block-media-text is-stacked-on-mobile\" style=\"grid-template-columns:25% auto\"><figure class=\"wp-block-media-text__media\"><img loading=\"lazy\" decoding=\"async\" width=\"190\" height=\"190\" src=\"https:\/\/www.enecon.net.co\/web\/wp-content\/uploads\/2024\/12\/72.png\" alt=\"\" class=\"wp-image-3725 size-full\" srcset=\"https:\/\/www.enecon.net.co\/web\/wp-content\/uploads\/2024\/12\/72.png 190w, https:\/\/www.enecon.net.co\/web\/wp-content\/uploads\/2024\/12\/72-150x150.png 150w\" sizes=\"auto, (max-width: 190px) 100vw, 190px\" \/><\/figure><div class=\"wp-block-media-text__content\">\n<p><strong>participantes<\/strong>, lo que representa el 37.7%, participaron en el tercer sub-reto de <strong>Riesgo en Tr\u00e1nsito<\/strong>, promoviendo las buenas pr\u00e1cticas junto al #ParceritoDeRuedas y demostrando que el cuidado mutuo garantiza llegar seguros a casa.<\/p>\n\n\n\n<p><\/p>\n<\/div><\/div>\n\n\n\n<p>4 #RetoYES &#8211; Riesgo Osteomuscular<\/p>\n\n\n\n<div class=\"wp-block-media-text is-stacked-on-mobile\" style=\"grid-template-columns:25% auto\"><figure class=\"wp-block-media-text__media\"><img loading=\"lazy\" decoding=\"async\" width=\"190\" height=\"190\" src=\"https:\/\/www.enecon.net.co\/web\/wp-content\/uploads\/2024\/12\/3-3.png\" alt=\"\" class=\"wp-image-3726 size-full\" srcset=\"https:\/\/www.enecon.net.co\/web\/wp-content\/uploads\/2024\/12\/3-3.png 190w, https:\/\/www.enecon.net.co\/web\/wp-content\/uploads\/2024\/12\/3-3-150x150.png 150w\" sizes=\"auto, (max-width: 190px) 100vw, 190px\" \/><\/figure><div class=\"wp-block-media-text__content\">\n<p><strong>colaboradores<\/strong>, correspondientes al 1.6%, se sumaron al cuarto sub-reto de <strong>Riesgo Osteomuscular<\/strong>, ense\u00f1\u00e1ndonos c\u00f3mo cuidar la salud para mantenernos fuertes en el trabajo. Aunque pocos, sus videos obtuvieron <strong>102 \u00abme gusta\u00bb<\/strong>, reflejando su impacto positivo.<\/p>\n\n\n\n<p><\/p>\n<\/div><\/div>\n\n\n\n<p>5 #RetoYES &#8211; Riesgo Mec\u00e1nico<\/p>\n\n\n\n<div class=\"wp-block-media-text is-stacked-on-mobile\" style=\"grid-template-columns:25% auto\"><figure class=\"wp-block-media-text__media\"><img loading=\"lazy\" decoding=\"async\" width=\"190\" height=\"190\" src=\"https:\/\/www.enecon.net.co\/web\/wp-content\/uploads\/2024\/12\/6.png\" alt=\"\" class=\"wp-image-3727 size-full\" srcset=\"https:\/\/www.enecon.net.co\/web\/wp-content\/uploads\/2024\/12\/6.png 190w, https:\/\/www.enecon.net.co\/web\/wp-content\/uploads\/2024\/12\/6-150x150.png 150w\" sizes=\"auto, (max-width: 190px) 100vw, 190px\" \/><\/figure><div class=\"wp-block-media-text__content\">\n<p><strong>participantes<\/strong>, un 3.1%, se comprometieron en el quinto sub-reto de <strong>Riesgo Mec\u00e1nico<\/strong>, inspirando a todos a trabajar de manera segura y eficiente.<\/p>\n\n\n\n<p><\/p>\n<\/div><\/div>\n\n\n\n<p id=\"block-96ddbc09-7460-4e92-bcb0-a346cf60ad51\"><\/p>\n\n\n\n<h3 class=\"wp-block-heading\">Impacto y participaci\u00f3n<\/h3>\n\n\n\n<p>Gracias a esta campa\u00f1a, m\u00e1s de 2,000 colaboradores de Enecon han participado activamente en la capacitaci\u00f3n y difusi\u00f3n de buenas pr\u00e1cticas de seguridad laboral. De ellos, 191 colaboradores tuvieron una participaci\u00f3n activa, representando el 9.6% del total. Adem\u00e1s, se entregaron 94 premios, incentivando el compromiso con la seguridad.<\/p>\n\n\n\n<p>El #RetoYES ha creado un ambiente de colaboraci\u00f3n donde cada miembro del equipo se siente comprometido con el bienestar de sus compa\u00f1eros y consigo mismo. Adem\u00e1s, la campa\u00f1a fomenta la participaci\u00f3n activa a trav\u00e9s de fotograf\u00edas y videos, permitiendo a los colaboradores compartir sus experiencias aplicando las buenas pr\u00e1cticas de seguridad, mostrando su creatividad y promoviendo el trabajo en equipo. Estas publicaciones no solo refuerzan la importancia de la seguridad, sino que tambi\u00e9n inspiran a otros a seguir el ejemplo.<\/p>\n\n\n\n<figure class=\"wp-block-image size-large\"><img loading=\"lazy\" decoding=\"async\" width=\"1024\" height=\"550\" src=\"https:\/\/www.enecon.net.co\/web\/wp-content\/uploads\/2024\/12\/2024-12-20_Enecon_portada-web-3-1024x550.jpg\" alt=\"\" class=\"wp-image-3729\" srcset=\"https:\/\/www.enecon.net.co\/web\/wp-content\/uploads\/2024\/12\/2024-12-20_Enecon_portada-web-3-1024x550.jpg 1024w, https:\/\/www.enecon.net.co\/web\/wp-content\/uploads\/2024\/12\/2024-12-20_Enecon_portada-web-3-300x161.jpg 300w, https:\/\/www.enecon.net.co\/web\/wp-content\/uploads\/2024\/12\/2024-12-20_Enecon_portada-web-3-768x412.jpg 768w, https:\/\/www.enecon.net.co\/web\/wp-content\/uploads\/2024\/12\/2024-12-20_Enecon_portada-web-3.jpg 1201w\" sizes=\"auto, (max-width: 1024px) 100vw, 1024px\" \/><\/figure>\n\n\n\n<h3 class=\"wp-block-heading\">\u00a1Un abrazo te espera en casa!<\/h3>\n\n\n\n<p>Nuestro lema \u00abUn abrazo te espera en casa\u00bb refleja el compromiso de Enecon con la seguridad y el bienestar de nuestros colaboradores. Sabemos que, al final del d\u00eda, cada trabajador tiene una familia que espera su regreso seguro. Por eso, trabajar juntos para prevenir accidentes es una responsabilidad compartida. Este mensaje nos motiva a seguir adelante con la campa\u00f1a y asegurar que cada miembro de Enecon regrese a su hogar sano y salvo.<\/p>\n\n\n\n<p>El #RetoYES es mucho m\u00e1s que una campa\u00f1a; es una forma de vida en Enecon. Es la reafirmaci\u00f3n de que la seguridad es responsabilidad de todos y que, trabajando juntos, podemos prevenir accidentes, cuidar de nosotros mismos y de nuestros compa\u00f1eros, y contribuir a una cultura laboral m\u00e1s consciente y respetuosa.<\/p>\n\n\n\n<p>Te invitamos a seguir participando activamente, a compartir tus buenas pr\u00e1cticas y a ser parte de este compromiso de llegar siempre sanos y salvos a casa. \u00a1Porque en Enecon, #YoEstoySeguro y t\u00fa tambi\u00e9n puedes estarlo!<\/p>\n\n\n\n<p>Juntos en cada paso, seguros en cada acci\u00f3n: \u00a1la fuerza del equipo nos lleva sanos y salvos a casa!<\/p>\n\n\n\n<figure class=\"wp-block-image size-large\"><img loading=\"lazy\" decoding=\"async\" width=\"1024\" height=\"550\" src=\"https:\/\/www.enecon.net.co\/web\/wp-content\/uploads\/2024\/12\/2024-12-20_Enecon_portada-web-2-1-1024x550.jpg\" alt=\"\" class=\"wp-image-3730\" srcset=\"https:\/\/www.enecon.net.co\/web\/wp-content\/uploads\/2024\/12\/2024-12-20_Enecon_portada-web-2-1-1024x550.jpg 1024w, https:\/\/www.enecon.net.co\/web\/wp-content\/uploads\/2024\/12\/2024-12-20_Enecon_portada-web-2-1-300x161.jpg 300w, https:\/\/www.enecon.net.co\/web\/wp-content\/uploads\/2024\/12\/2024-12-20_Enecon_portada-web-2-1-768x412.jpg 768w, https:\/\/www.enecon.net.co\/web\/wp-content\/uploads\/2024\/12\/2024-12-20_Enecon_portada-web-2-1.jpg 1201w\" sizes=\"auto, (max-width: 1024px) 100vw, 1024px\" \/><\/figure>\n\n\n\n<p><strong>Descubre m\u00e1s sobre el #RetoYES 2024 en nuestro sitio web o sigui\u00e9ndonos en nuestras redes sociales. #SiempreConectados con tu bienestar.<\/strong><\/p>\n\n\n\n<h2 class=\"wp-block-heading has-text-align-center\">\u00a1Un abrazo te espera en casa!<\/h2>\n\n\n\n<div class=\"wp-block-columns is-layout-flex wp-container-core-columns-is-layout-9d6595d7 wp-block-columns-is-layout-flex\">\n<div class=\"wp-block-column is-layout-flow wp-block-column-is-layout-flow\"><div class=\"wp-block-image\">\n<figure class=\"alignleft size-full is-resized\"><a href=\"https:\/\/www.facebook.com\/eneconsas\" target=\"_blank\" rel=\"noopener\"><img loading=\"lazy\" decoding=\"async\" width=\"130\" height=\"130\" src=\"https:\/\/www.enecon.net.co\/web\/wp-content\/uploads\/2024\/09\/icono-face-1.png\" alt=\"\" class=\"wp-image-3365\" style=\"width:68px;height:auto\"\/><\/a><\/figure>\n<\/div><\/div>\n\n\n\n<div class=\"wp-block-column is-layout-flow wp-block-column-is-layout-flow\"><div class=\"wp-block-image\">\n<figure class=\"alignleft size-full is-resized\"><a href=\"https:\/\/www.instagram.com\/eneconsas\/ \" target=\"_blank\" rel=\"noopener\"><img loading=\"lazy\" decoding=\"async\" width=\"130\" height=\"130\" src=\"https:\/\/www.enecon.net.co\/web\/wp-content\/uploads\/2024\/09\/icono-insta-1.png\" alt=\"\" class=\"wp-image-3368\" style=\"width:68px;height:auto\"\/><\/a><\/figure>\n<\/div><\/div>\n\n\n\n<div class=\"wp-block-column is-layout-flow wp-block-column-is-layout-flow\"><div class=\"wp-block-image\">\n<figure class=\"alignleft size-full is-resized\"><a href=\"https:\/\/www.linkedin.com\/company\/40655434\/admin\/page-posts\/published\/ \" target=\"_blank\" rel=\"noopener\"><img loading=\"lazy\" decoding=\"async\" width=\"130\" height=\"130\" src=\"https:\/\/www.enecon.net.co\/web\/wp-content\/uploads\/2024\/09\/icono-linkd-1.png\" alt=\"\" class=\"wp-image-3369\" style=\"width:72px;height:auto\"\/><\/a><\/figure>\n<\/div><\/div>\n\n\n\n<div class=\"wp-block-column is-layout-flow wp-block-column-is-layout-flow\"><div class=\"wp-block-image\">\n<figure class=\"alignleft size-full is-resized\"><a href=\"https:\/\/www.youtube.com\/@enecons.a.s9462  \" target=\"_blank\" rel=\"noopener\"><img loading=\"lazy\" decoding=\"async\" width=\"130\" height=\"129\" src=\"https:\/\/www.enecon.net.co\/web\/wp-content\/uploads\/2024\/09\/icono-yt.png\" alt=\"\" class=\"wp-image-3370\" style=\"width:66px;height:auto\"\/><\/a><\/figure>\n<\/div><\/div>\n<\/div>\n\n\n\n<div style=\"height:25px\" aria-hidden=\"true\" class=\"wp-block-spacer\"><\/div>\n\n\n\n<figure class=\"wp-block-image size-large\"><img loading=\"lazy\" decoding=\"async\" width=\"1024\" height=\"369\" src=\"https:\/\/www.enecon.net.co\/web\/wp-content\/uploads\/2023\/07\/Enecon-Reto-YES-adiccion-drogas-y-alcohol-1-2-1024x369.jpg\" alt=\"Reto Yes enecon persona de frente colaborador\" class=\"wp-image-1893\" srcset=\"https:\/\/www.enecon.net.co\/web\/wp-content\/uploads\/2023\/07\/Enecon-Reto-YES-adiccion-drogas-y-alcohol-1-2-1024x369.jpg 1024w, https:\/\/www.enecon.net.co\/web\/wp-content\/uploads\/2023\/07\/Enecon-Reto-YES-adiccion-drogas-y-alcohol-1-2-300x108.jpg 300w, https:\/\/www.enecon.net.co\/web\/wp-content\/uploads\/2023\/07\/Enecon-Reto-YES-adiccion-drogas-y-alcohol-1-2-768x277.jpg 768w, https:\/\/www.enecon.net.co\/web\/wp-content\/uploads\/2023\/07\/Enecon-Reto-YES-adiccion-drogas-y-alcohol-1-2.jpg 1200w\" sizes=\"auto, (max-width: 1024px) 100vw, 1024px\" \/><\/figure>\n\n\n<div data-is-block=\"jet-engine\/dynamic-terms\"><div class=\"jet-listing jet-listing-dynamic-terms\"><\/div><\/div>","protected":false},"excerpt":{"rendered":"<p>\u00bfQu\u00e9 logramos en este #RetoYES 2024? En Enecon, la seguridad de nuestros colaboradores es una de nuestras mayores prioridades. Por eso, hemos lanzado la campa\u00f1a #RetoYES (Yo Estoy Seguro), una iniciativa enfocada en la prevenci\u00f3n de riesgos laborales y el fomento de un entorno de trabajo seguro para todos. Con esta campa\u00f1a, buscamos involucrar a [&hellip;]<\/p>\n","protected":false},"author":1,"featured_media":3730,"comment_status":"closed","ping_status":"closed","sticky":false,"template":"","format":"standard","meta":{"content-type":"","_joinchat":[],"footnotes":""},"categories":[48],"tags":[54],"class_list":["post-3714","post","type-post","status-publish","format-standard","has-post-thumbnail","hentry","category-restoyes","tag-riesgo-en-alturas"],"_links":{"self":[{"href":"https:\/\/www.enecon.net.co\/web\/wp-json\/wp\/v2\/posts\/3714","targetHints":{"allow":["GET"]}}],"collection":[{"href":"https:\/\/www.enecon.net.co\/web\/wp-json\/wp\/v2\/posts"}],"about":[{"href":"https:\/\/www.enecon.net.co\/web\/wp-json\/wp\/v2\/types\/post"}],"author":[{"embeddable":true,"href":"https:\/\/www.enecon.net.co\/web\/wp-json\/wp\/v2\/users\/1"}],"replies":[{"embeddable":true,"href":"https:\/\/www.enecon.net.co\/web\/wp-json\/wp\/v2\/comments?post=3714"}],"version-history":[{"count":3,"href":"https:\/\/www.enecon.net.co\/web\/wp-json\/wp\/v2\/posts\/3714\/revisions"}],"predecessor-version":[{"id":4292,"href":"https:\/\/www.enecon.net.co\/web\/wp-json\/wp\/v2\/posts\/3714\/revisions\/4292"}],"wp:featuredmedia":[{"embeddable":true,"href":"https:\/\/www.enecon.net.co\/web\/wp-json\/wp\/v2\/media\/3730"}],"wp:attachment":[{"href":"https:\/\/www.enecon.net.co\/web\/wp-json\/wp\/v2\/media?parent=3714"}],"wp:term":[{"taxonomy":"category","embeddable":true,"href":"https:\/\/www.enecon.net.co\/web\/wp-json\/wp\/v2\/categories?post=3714"},{"taxonomy":"post_tag","embeddable":true,"href":"https:\/\/www.enecon.net.co\/web\/wp-json\/wp\/v2\/tags?post=3714"}],"curies":[{"name":"wp","href":"https:\/\/api.w.org\/{rel}","templated":true}]}}