{"id":3600,"date":"2024-11-29T11:21:07","date_gmt":"2024-11-29T16:21:07","guid":{"rendered":"https:\/\/www.enecon.net.co\/web\/?p=3600"},"modified":"2024-11-29T11:21:09","modified_gmt":"2024-11-29T16:21:09","slug":"claves-para-evitar-riesgos-mecanicos","status":"publish","type":"post","link":"https:\/\/www.enecon.net.co\/web\/claves-para-evitar-riesgos-mecanicos\/","title":{"rendered":"Claves para evitar riesgos mec\u00e1nicos"},"content":{"rendered":"\n<h2 class=\"wp-block-heading\">\u00bfTe has preguntado c\u00f3mo la falta de entrenamiento adecuado puede exponerte a riesgos mec\u00e1nicos?<\/h2>\n\n\n\n<p>La capacitaci\u00f3n en el uso seguro de herramientas y maquinaria no es solo un requisito, sino una necesidad para proteger nuestra salud en el trabajo. La falta de entrenamiento adecuado aumenta los riesgos mec\u00e1nicos, desde errores evitables hasta accidentes graves. En Enecon, sabemos que un equipo bien capacitado es la mejor defensa contra los riesgos laborales. Es por eso que en el marco del #RetoYES promovemos la importancia de la capacitaci\u00f3n continua y efectiva.<\/p>\n\n\n\n<p>No recibir el entrenamiento adecuado deja a los colaboradores expuestos a desconocimientos que pueden derivar en accidentes. Conoce las pr\u00e1cticas clave y los riesgos a tener en cuenta para lograr el #RetoYES y trabajar de forma m\u00e1s segura.<\/p>\n\n\n\n<p><\/p>\n\n\n\n<h3 class=\"wp-block-heading has-medium-font-size\"><strong>\u00bfC\u00f3mo lograr el <\/strong>#<strong>RetoYes<\/strong>? <strong>Sigue est\u00e1s pr\u00e1cticas:<\/strong><\/h3>\n\n\n\n<p><\/p>\n\n\n\n<div class=\"wp-block-columns is-layout-flex wp-container-core-columns-is-layout-9d6595d7 wp-block-columns-is-layout-flex\">\n<div class=\"wp-block-column is-vertically-aligned-center is-layout-flow wp-block-column-is-layout-flow\"><div class=\"wp-block-image\">\n<figure class=\"aligncenter size-full\"><img loading=\"lazy\" decoding=\"async\" width=\"190\" height=\"190\" src=\"https:\/\/www.enecon.net.co\/web\/wp-content\/uploads\/2024\/11\/capacitaciones.png\" alt=\"\" class=\"wp-image-3604\" srcset=\"https:\/\/www.enecon.net.co\/web\/wp-content\/uploads\/2024\/11\/capacitaciones.png 190w, https:\/\/www.enecon.net.co\/web\/wp-content\/uploads\/2024\/11\/capacitaciones-150x150.png 150w\" sizes=\"auto, (max-width: 190px) 100vw, 190px\" \/><\/figure>\n<\/div>\n\n\n<p class=\"has-text-align-center\">Asiste puntualmente a todas las capacitaciones de seguridad.<\/p>\n<\/div>\n\n\n\n<div class=\"wp-block-column is-vertically-aligned-center is-layout-flow wp-block-column-is-layout-flow\"><div class=\"wp-block-image\">\n<figure class=\"aligncenter size-full is-resized\"><img loading=\"lazy\" decoding=\"async\" width=\"190\" height=\"190\" src=\"https:\/\/www.enecon.net.co\/web\/wp-content\/uploads\/2024\/11\/practicas-seguras.png\" alt=\"\" class=\"wp-image-3605\" style=\"width:190px;height:auto\" srcset=\"https:\/\/www.enecon.net.co\/web\/wp-content\/uploads\/2024\/11\/practicas-seguras.png 190w, https:\/\/www.enecon.net.co\/web\/wp-content\/uploads\/2024\/11\/practicas-seguras-150x150.png 150w\" sizes=\"auto, (max-width: 190px) 100vw, 190px\" \/><\/figure>\n<\/div>\n\n\n<p class=\"has-text-align-center\">Aplica las pr\u00e1cticas seguras en cada tarea que realices.<\/p>\n<\/div>\n<\/div>\n\n\n\n<div class=\"wp-block-group\"><div class=\"wp-block-group__inner-container is-layout-constrained wp-block-group-is-layout-constrained\">\n<div class=\"wp-block-columns is-layout-flex wp-container-core-columns-is-layout-9d6595d7 wp-block-columns-is-layout-flex\">\n<div class=\"wp-block-column is-vertically-aligned-center is-layout-flow wp-block-column-is-layout-flow\"><div class=\"wp-block-image\">\n<figure class=\"aligncenter size-full\"><img loading=\"lazy\" decoding=\"async\" width=\"190\" height=\"190\" src=\"https:\/\/www.enecon.net.co\/web\/wp-content\/uploads\/2024\/11\/riesgos-en-area-de-trabajo.png\" alt=\"\" class=\"wp-image-3606\" srcset=\"https:\/\/www.enecon.net.co\/web\/wp-content\/uploads\/2024\/11\/riesgos-en-area-de-trabajo.png 190w, https:\/\/www.enecon.net.co\/web\/wp-content\/uploads\/2024\/11\/riesgos-en-area-de-trabajo-150x150.png 150w\" sizes=\"auto, (max-width: 190px) 100vw, 190px\" \/><\/figure>\n<\/div>\n\n\n<p class=\"has-text-align-center\">Identifica y reporta posibles riesgos en tu \u00e1rea de trabajo.<\/p>\n<\/div>\n\n\n\n<div class=\"wp-block-column is-vertically-aligned-center is-layout-flow wp-block-column-is-layout-flow\"><div class=\"wp-block-image\">\n<figure class=\"aligncenter size-full is-resized\"><img loading=\"lazy\" decoding=\"async\" width=\"190\" height=\"190\" src=\"https:\/\/www.enecon.net.co\/web\/wp-content\/uploads\/2024\/11\/Refuerza-el-trabajo-en-equipo.png\" alt=\"\" class=\"wp-image-3607\" style=\"width:230px;height:auto\" srcset=\"https:\/\/www.enecon.net.co\/web\/wp-content\/uploads\/2024\/11\/Refuerza-el-trabajo-en-equipo.png 190w, https:\/\/www.enecon.net.co\/web\/wp-content\/uploads\/2024\/11\/Refuerza-el-trabajo-en-equipo-150x150.png 150w\" sizes=\"auto, (max-width: 190px) 100vw, 190px\" \/><\/figure>\n<\/div>\n\n\n<p class=\"has-text-align-center\">Refuerza el trabajo en equipo para mantener un ambiente seguro.<br><\/p>\n<\/div>\n<\/div>\n<\/div><\/div>\n\n\n\n<p class=\"has-text-align-center\"><\/p>\n\n\n\n<h3 class=\"wp-block-heading has-medium-font-size\"><strong>\u00bfCu\u00e1les son los riesgos?<\/strong><\/h3>\n\n\n\n<div class=\"wp-block-columns is-layout-flex wp-container-core-columns-is-layout-9d6595d7 wp-block-columns-is-layout-flex\">\n<div class=\"wp-block-column is-vertically-aligned-center is-layout-flow wp-block-column-is-layout-flow\"><div class=\"wp-block-image\">\n<figure class=\"aligncenter size-full is-resized\"><img loading=\"lazy\" decoding=\"async\" width=\"190\" height=\"190\" src=\"https:\/\/www.enecon.net.co\/web\/wp-content\/uploads\/2024\/11\/desconocimiento.png\" alt=\"\" class=\"wp-image-3608\" style=\"width:226px;height:auto\" srcset=\"https:\/\/www.enecon.net.co\/web\/wp-content\/uploads\/2024\/11\/desconocimiento.png 190w, https:\/\/www.enecon.net.co\/web\/wp-content\/uploads\/2024\/11\/desconocimiento-150x150.png 150w\" sizes=\"auto, (max-width: 190px) 100vw, 190px\" \/><\/figure>\n<\/div>\n\n\n<p class=\"has-text-align-center\">Errores por desconocer procedimientos.<\/p>\n\n\n\n<p class=\"has-text-align-center\"><\/p>\n<\/div>\n\n\n\n<div class=\"wp-block-column is-vertically-aligned-center is-layout-flow wp-block-column-is-layout-flow\"><div class=\"wp-block-image\">\n<figure class=\"aligncenter size-full is-resized\"><img loading=\"lazy\" decoding=\"async\" width=\"190\" height=\"190\" src=\"https:\/\/www.enecon.net.co\/web\/wp-content\/uploads\/2024\/11\/accidentes.png\" alt=\"\" class=\"wp-image-3609\" style=\"width:166px;height:auto\" srcset=\"https:\/\/www.enecon.net.co\/web\/wp-content\/uploads\/2024\/11\/accidentes.png 190w, https:\/\/www.enecon.net.co\/web\/wp-content\/uploads\/2024\/11\/accidentes-150x150.png 150w\" sizes=\"auto, (max-width: 190px) 100vw, 190px\" \/><\/figure>\n<\/div>\n\n\n<p class=\"has-text-align-center\">Accidentes que afectan tu integridad.<\/p>\n<\/div>\n<\/div>\n\n\n\n<div class=\"wp-block-group\"><div class=\"wp-block-group__inner-container is-layout-constrained wp-block-group-is-layout-constrained\">\n<div class=\"wp-block-columns is-layout-flex wp-container-core-columns-is-layout-9d6595d7 wp-block-columns-is-layout-flex\">\n<div class=\"wp-block-column is-vertically-aligned-center is-layout-flow wp-block-column-is-layout-flow\"><div class=\"wp-block-image\">\n<figure class=\"aligncenter size-full\"><img loading=\"lazy\" decoding=\"async\" width=\"190\" height=\"190\" src=\"https:\/\/www.enecon.net.co\/web\/wp-content\/uploads\/2024\/11\/emergencias.png\" alt=\"\" class=\"wp-image-3610\" srcset=\"https:\/\/www.enecon.net.co\/web\/wp-content\/uploads\/2024\/11\/emergencias.png 190w, https:\/\/www.enecon.net.co\/web\/wp-content\/uploads\/2024\/11\/emergencias-150x150.png 150w\" sizes=\"auto, (max-width: 190px) 100vw, 190px\" \/><\/figure>\n<\/div>\n\n\n<p class=\"has-text-align-center\">Mala reacci\u00f3n en emergencias.<\/p>\n<\/div>\n\n\n\n<div class=\"wp-block-column is-vertically-aligned-center is-layout-flow wp-block-column-is-layout-flow\"><div class=\"wp-block-image\">\n<figure class=\"aligncenter size-full\"><img loading=\"lazy\" decoding=\"async\" width=\"190\" height=\"190\" src=\"https:\/\/www.enecon.net.co\/web\/wp-content\/uploads\/2024\/11\/danos-a-la-seguridad.png\" alt=\"\" class=\"wp-image-3611\" srcset=\"https:\/\/www.enecon.net.co\/web\/wp-content\/uploads\/2024\/11\/danos-a-la-seguridad.png 190w, https:\/\/www.enecon.net.co\/web\/wp-content\/uploads\/2024\/11\/danos-a-la-seguridad-150x150.png 150w\" sizes=\"auto, (max-width: 190px) 100vw, 190px\" \/><\/figure>\n<\/div>\n\n\n<p class=\"has-text-align-center\">Da\u00f1os que afectan seguridad y productividad.<\/p>\n<\/div>\n<\/div>\n<\/div><\/div>\n\n\n\n<h3 class=\"wp-block-heading has-medium-font-size\"><strong>\u00a1Cifras que debes tener en cuenta!<\/strong><\/h3>\n\n\n\n<div class=\"wp-block-media-text is-stacked-on-mobile\" style=\"grid-template-columns:24% auto\"><figure class=\"wp-block-media-text__media\"><img loading=\"lazy\" decoding=\"async\" width=\"190\" height=\"190\" src=\"https:\/\/www.enecon.net.co\/web\/wp-content\/uploads\/2024\/11\/60.png\" alt=\"\" class=\"wp-image-3616 size-full\" srcset=\"https:\/\/www.enecon.net.co\/web\/wp-content\/uploads\/2024\/11\/60.png 190w, https:\/\/www.enecon.net.co\/web\/wp-content\/uploads\/2024\/11\/60-150x150.png 150w\" sizes=\"auto, (max-width: 190px) 100vw, 190px\" \/><\/figure><div class=\"wp-block-media-text__content\">\n<p>De acuerdo con un estudio del Instituto Nacional de Seguridad y Salud Ocupacional (NIOSH), el 60% de los accidentes mec\u00e1nicos en el trabajo se debe a una capacitaci\u00f3n insuficiente o deficiente en el manejo de herramientas y equipos.<\/p>\n\n\n\n<p><\/p>\n<\/div><\/div>\n\n\n\n<div class=\"wp-block-media-text is-stacked-on-mobile\" style=\"grid-template-columns:25% auto\"><figure class=\"wp-block-media-text__media\"><img loading=\"lazy\" decoding=\"async\" width=\"190\" height=\"190\" src=\"https:\/\/www.enecon.net.co\/web\/wp-content\/uploads\/2024\/11\/80.png\" alt=\"\" class=\"wp-image-3612 size-full\" srcset=\"https:\/\/www.enecon.net.co\/web\/wp-content\/uploads\/2024\/11\/80.png 190w, https:\/\/www.enecon.net.co\/web\/wp-content\/uploads\/2024\/11\/80-150x150.png 150w\" sizes=\"auto, (max-width: 190px) 100vw, 190px\" \/><\/figure><div class=\"wp-block-media-text__content\">\n<p>La Asociaci\u00f3n Americana de Seguridad Laboral (ASSE) indica que el 80% de los trabajadores que reciben una capacitaci\u00f3n completa y regular logran evitar accidentes mec\u00e1nicos, en comparaci\u00f3n con aquellos que no reciben ning\u00fan tipo de entrenamiento.<br><\/p>\n\n\n\n<p><\/p>\n<\/div><\/div>\n\n\n\n<div class=\"wp-block-media-text is-stacked-on-mobile\" style=\"grid-template-columns:25% auto\"><figure class=\"wp-block-media-text__media\"><img loading=\"lazy\" decoding=\"async\" width=\"190\" height=\"190\" src=\"https:\/\/www.enecon.net.co\/web\/wp-content\/uploads\/2024\/11\/3.png\" alt=\"\" class=\"wp-image-3613 size-full\" srcset=\"https:\/\/www.enecon.net.co\/web\/wp-content\/uploads\/2024\/11\/3.png 190w, https:\/\/www.enecon.net.co\/web\/wp-content\/uploads\/2024\/11\/3-150x150.png 150w\" sizes=\"auto, (max-width: 190px) 100vw, 190px\" \/><\/figure><div class=\"wp-block-media-text__content\">\n<p>&nbsp;Un informe de la Organizaci\u00f3n Internacional del Trabajo (OIT) encontr\u00f3 que 3 de cada 5 empleados sin capacitaci\u00f3n adecuada tienen una reacci\u00f3n incorrecta o insuficiente ante situaciones de emergencia, aumentando el riesgo para ellos y sus compa\u00f1eros.<br><\/p>\n\n\n\n<p><\/p>\n<\/div><\/div>\n\n\n\n<p><br><br>El entrenamiento y la capacitaci\u00f3n son la base de un ambiente de trabajo seguro y eficiente. En Enecon, nos preocupamos por tu bienestar y queremos que cada colaborador cuente con las herramientas y el conocimiento necesario para enfrentar cualquier situaci\u00f3n de riesgo. \u00a1Hagamos del entrenamiento una prioridad y logremos juntos el #RetoYES en la prevenci\u00f3n del riesgo mec\u00e1nico!<\/p>\n\n\n\n<p>\u00a1Juntos podemos lograr un entorno m\u00e1s seguro para todos! \ud83c\udf1f<\/p>\n\n\n\n<p><strong>Descubre m\u00e1s sobre el 5 #RetoYES 2024 orientado a la prevenci\u00f3n del riesgo Mec\u00e1nico, en nuestro sitio web o sigui\u00e9ndonos en nuestras redes sociales. <\/strong><a href=\"https:\/\/www.enecon.net.co\/web\/\" data-type=\"link\" data-id=\"https:\/\/www.enecon.net.co\/web\/\">https:\/\/www.enecon.net.co\/web\/<\/a><\/p>\n\n\n\n<p><\/p>\n\n\n\n<h2 class=\"wp-block-heading has-text-align-center\">\u00a1Un abrazo te espera en casa!<\/h2>\n\n\n\n<figure class=\"wp-block-image size-large\"><img loading=\"lazy\" decoding=\"async\" width=\"1024\" height=\"550\" src=\"https:\/\/www.enecon.net.co\/web\/wp-content\/uploads\/2024\/11\/2024-11-29_Enecon_portada-web-2-1024x550.jpg\" alt=\"\" class=\"wp-image-3614\" srcset=\"https:\/\/www.enecon.net.co\/web\/wp-content\/uploads\/2024\/11\/2024-11-29_Enecon_portada-web-2-1024x550.jpg 1024w, https:\/\/www.enecon.net.co\/web\/wp-content\/uploads\/2024\/11\/2024-11-29_Enecon_portada-web-2-300x161.jpg 300w, https:\/\/www.enecon.net.co\/web\/wp-content\/uploads\/2024\/11\/2024-11-29_Enecon_portada-web-2-768x412.jpg 768w, https:\/\/www.enecon.net.co\/web\/wp-content\/uploads\/2024\/11\/2024-11-29_Enecon_portada-web-2.jpg 1201w\" sizes=\"auto, (max-width: 1024px) 100vw, 1024px\" \/><\/figure>\n\n\n\n<div class=\"wp-block-columns is-layout-flex wp-container-core-columns-is-layout-9d6595d7 wp-block-columns-is-layout-flex\">\n<div class=\"wp-block-column is-layout-flow wp-block-column-is-layout-flow\"><div class=\"wp-block-image\">\n<figure class=\"alignleft size-full is-resized\"><a href=\"https:\/\/www.facebook.com\/eneconsas\" target=\"_blank\" rel=\"noopener\"><img loading=\"lazy\" decoding=\"async\" width=\"130\" height=\"130\" src=\"https:\/\/www.enecon.net.co\/web\/wp-content\/uploads\/2024\/09\/icono-face-1.png\" alt=\"\" class=\"wp-image-3365\" style=\"width:68px;height:auto\"\/><\/a><\/figure>\n<\/div><\/div>\n\n\n\n<div class=\"wp-block-column is-layout-flow wp-block-column-is-layout-flow\"><div class=\"wp-block-image\">\n<figure class=\"alignleft size-full is-resized\"><a href=\"https:\/\/www.instagram.com\/eneconsas\/ \" target=\"_blank\" rel=\"noopener\"><img loading=\"lazy\" decoding=\"async\" width=\"130\" height=\"130\" src=\"https:\/\/www.enecon.net.co\/web\/wp-content\/uploads\/2024\/09\/icono-insta-1.png\" alt=\"\" class=\"wp-image-3368\" style=\"width:68px;height:auto\"\/><\/a><\/figure>\n<\/div><\/div>\n\n\n\n<div class=\"wp-block-column is-layout-flow wp-block-column-is-layout-flow\"><div class=\"wp-block-image\">\n<figure class=\"alignleft size-full is-resized\"><a href=\"https:\/\/www.linkedin.com\/company\/40655434\/admin\/page-posts\/published\/ \" target=\"_blank\" rel=\"noopener\"><img loading=\"lazy\" decoding=\"async\" width=\"130\" height=\"130\" src=\"https:\/\/www.enecon.net.co\/web\/wp-content\/uploads\/2024\/09\/icono-linkd-1.png\" alt=\"\" class=\"wp-image-3369\" style=\"width:72px;height:auto\"\/><\/a><\/figure>\n<\/div><\/div>\n\n\n\n<div class=\"wp-block-column is-layout-flow wp-block-column-is-layout-flow\"><div class=\"wp-block-image\">\n<figure class=\"alignleft size-full is-resized\"><a href=\"https:\/\/www.youtube.com\/@enecons.a.s9462  \" target=\"_blank\" rel=\"noopener\"><img loading=\"lazy\" decoding=\"async\" width=\"130\" height=\"129\" src=\"https:\/\/www.enecon.net.co\/web\/wp-content\/uploads\/2024\/09\/icono-yt.png\" alt=\"\" class=\"wp-image-3370\" style=\"width:66px;height:auto\"\/><\/a><\/figure>\n<\/div><\/div>\n<\/div>\n\n\n\n<figure class=\"wp-block-image size-large\"><img loading=\"lazy\" decoding=\"async\" width=\"1024\" height=\"369\" src=\"https:\/\/www.enecon.net.co\/web\/wp-content\/uploads\/2023\/07\/Enecon-Reto-YES-adiccion-drogas-y-alcohol-1-2-1024x369.jpg\" alt=\"Reto Yes enecon persona de frente colaborador\" class=\"wp-image-1893\" srcset=\"https:\/\/www.enecon.net.co\/web\/wp-content\/uploads\/2023\/07\/Enecon-Reto-YES-adiccion-drogas-y-alcohol-1-2-1024x369.jpg 1024w, https:\/\/www.enecon.net.co\/web\/wp-content\/uploads\/2023\/07\/Enecon-Reto-YES-adiccion-drogas-y-alcohol-1-2-300x108.jpg 300w, https:\/\/www.enecon.net.co\/web\/wp-content\/uploads\/2023\/07\/Enecon-Reto-YES-adiccion-drogas-y-alcohol-1-2-768x277.jpg 768w, https:\/\/www.enecon.net.co\/web\/wp-content\/uploads\/2023\/07\/Enecon-Reto-YES-adiccion-drogas-y-alcohol-1-2.jpg 1200w\" sizes=\"auto, (max-width: 1024px) 100vw, 1024px\" \/><\/figure>\n","protected":false},"excerpt":{"rendered":"<p>\u00bfTe has preguntado c\u00f3mo la falta de entrenamiento adecuado puede exponerte a riesgos mec\u00e1nicos? La capacitaci\u00f3n en el uso seguro de herramientas y maquinaria no es solo un requisito, sino una necesidad para proteger nuestra salud en el trabajo. La falta de entrenamiento adecuado aumenta los riesgos mec\u00e1nicos, desde errores evitables hasta accidentes graves. En [&hellip;]<\/p>\n","protected":false},"author":1,"featured_media":3615,"comment_status":"closed","ping_status":"closed","sticky":false,"template":"","format":"standard","meta":{"content-type":"","_joinchat":[],"footnotes":""},"categories":[48],"tags":[55],"class_list":["post-3600","post","type-post","status-publish","format-standard","has-post-thumbnail","hentry","category-restoyes","tag-riesgo-de-transito"],"_links":{"self":[{"href":"https:\/\/www.enecon.net.co\/web\/wp-json\/wp\/v2\/posts\/3600","targetHints":{"allow":["GET"]}}],"collection":[{"href":"https:\/\/www.enecon.net.co\/web\/wp-json\/wp\/v2\/posts"}],"about":[{"href":"https:\/\/www.enecon.net.co\/web\/wp-json\/wp\/v2\/types\/post"}],"author":[{"embeddable":true,"href":"https:\/\/www.enecon.net.co\/web\/wp-json\/wp\/v2\/users\/1"}],"replies":[{"embeddable":true,"href":"https:\/\/www.enecon.net.co\/web\/wp-json\/wp\/v2\/comments?post=3600"}],"version-history":[{"count":2,"href":"https:\/\/www.enecon.net.co\/web\/wp-json\/wp\/v2\/posts\/3600\/revisions"}],"predecessor-version":[{"id":3617,"href":"https:\/\/www.enecon.net.co\/web\/wp-json\/wp\/v2\/posts\/3600\/revisions\/3617"}],"wp:featuredmedia":[{"embeddable":true,"href":"https:\/\/www.enecon.net.co\/web\/wp-json\/wp\/v2\/media\/3615"}],"wp:attachment":[{"href":"https:\/\/www.enecon.net.co\/web\/wp-json\/wp\/v2\/media?parent=3600"}],"wp:term":[{"taxonomy":"category","embeddable":true,"href":"https:\/\/www.enecon.net.co\/web\/wp-json\/wp\/v2\/categories?post=3600"},{"taxonomy":"post_tag","embeddable":true,"href":"https:\/\/www.enecon.net.co\/web\/wp-json\/wp\/v2\/tags?post=3600"}],"curies":[{"name":"wp","href":"https:\/\/api.w.org\/{rel}","templated":true}]}}