{"id":2240,"date":"2023-08-28T20:23:38","date_gmt":"2023-08-29T01:23:38","guid":{"rendered":"https:\/\/www.enecon.net.co\/web\/?p=2240"},"modified":"2024-09-23T11:39:54","modified_gmt":"2024-09-23T16:39:54","slug":"riesgo-biologico","status":"publish","type":"post","link":"https:\/\/www.enecon.net.co\/web\/riesgo-biologico\/","title":{"rendered":"Prot\u00e9gete contra Riesgos Biol\u00f3gicos"},"content":{"rendered":"\n<h2 class=\"wp-block-heading\">\u00bfC\u00f3mo cuidarte contra riesgos biol\u00f3gicos en tu trabajo?<\/h2>\n\n\n\n<h3 class=\"wp-block-heading\">Pero, \u00bfQu\u00e9 es un riesgo biol\u00f3gico?<\/h3>\n\n\n\n<p>Los riesgos biol\u00f3gicos son aquellos asociados con la exposici\u00f3n a agentes biol\u00f3gicos, como bacterias, virus, hongos y otros microorganismos que pueden causar enfermedades en seres humanos. Estos agentes se encuentran presentes en diversas actividades laborales, incluyendo la atenci\u00f3n m\u00e9dica, la investigaci\u00f3n cient\u00edfica, la agricultura y muchas otras.<\/p>\n\n\n\n<p>Los accidentes de riesgo biol\u00f3gico se clasifican en:<\/p>\n\n\n\n<p><\/p>\n\n\n\n<div class=\"wp-block-columns is-layout-flex wp-container-core-columns-is-layout-9d6595d7 wp-block-columns-is-layout-flex\">\n<div class=\"wp-block-column is-vertically-aligned-center is-layout-flow wp-block-column-is-layout-flow\"><div class=\"wp-block-image\">\n<figure class=\"aligncenter size-full\"><img loading=\"lazy\" decoding=\"async\" width=\"190\" height=\"190\" src=\"https:\/\/www.enecon.net.co\/web\/wp-content\/uploads\/2023\/08\/1-2.jpg\" alt=\"\" class=\"wp-image-2255\" srcset=\"https:\/\/www.enecon.net.co\/web\/wp-content\/uploads\/2023\/08\/1-2.jpg 190w, https:\/\/www.enecon.net.co\/web\/wp-content\/uploads\/2023\/08\/1-2-150x150.jpg 150w\" sizes=\"auto, (max-width: 190px) 100vw, 190px\" \/><\/figure>\n<\/div>\n\n\n<p class=\"has-text-align-center\">Virus<\/p>\n<\/div>\n\n\n\n<div class=\"wp-block-column is-vertically-aligned-center is-layout-flow wp-block-column-is-layout-flow\"><div class=\"wp-block-image\">\n<figure class=\"aligncenter size-full\"><img loading=\"lazy\" decoding=\"async\" width=\"190\" height=\"190\" src=\"https:\/\/www.enecon.net.co\/web\/wp-content\/uploads\/2023\/08\/2.jpg\" alt=\"\" class=\"wp-image-2256\" srcset=\"https:\/\/www.enecon.net.co\/web\/wp-content\/uploads\/2023\/08\/2.jpg 190w, https:\/\/www.enecon.net.co\/web\/wp-content\/uploads\/2023\/08\/2-150x150.jpg 150w\" sizes=\"auto, (max-width: 190px) 100vw, 190px\" \/><\/figure>\n<\/div>\n\n\n<p class=\"has-text-align-center\">Reacci\u00f3n al\u00e9rgica<\/p>\n<\/div>\n\n\n\n<div class=\"wp-block-column is-vertically-aligned-center is-layout-flow wp-block-column-is-layout-flow\"><div class=\"wp-block-image\">\n<figure class=\"aligncenter size-full\"><img loading=\"lazy\" decoding=\"async\" width=\"190\" height=\"190\" src=\"https:\/\/www.enecon.net.co\/web\/wp-content\/uploads\/2023\/08\/3.jpg\" alt=\"\" class=\"wp-image-2257\" srcset=\"https:\/\/www.enecon.net.co\/web\/wp-content\/uploads\/2023\/08\/3.jpg 190w, https:\/\/www.enecon.net.co\/web\/wp-content\/uploads\/2023\/08\/3-150x150.jpg 150w\" sizes=\"auto, (max-width: 190px) 100vw, 190px\" \/><\/figure>\n<\/div>\n\n\n<p class=\"has-text-align-center\">Bacterias<\/p>\n<\/div>\n<\/div>\n\n\n\n<p>As\u00ed es, estos riesgos biol\u00f3gicos pueden incluir la exposici\u00f3n a microorganismos pat\u00f3genos, virus, bacterias y otros agentes biol\u00f3gicos que pueden poner en peligro la salud de los empleados. <\/p>\n\n\n\n<p>Los EPP act\u00faan como una defensa f\u00edsica, creando una barrera entre el individuo y los posibles agentes. Recuerda, la prevenci\u00f3n es nuestra mejor defensa contra el riesgo biol\u00f3gico. Al participar en el #RetoYES y promover el uso adecuado de los EPP, est\u00e1s contribuyendo a un entorno m\u00e1s seguro y saludable para todos. \u00a1\u00danete al desaf\u00edo y hagamos del cuidado personal y la protecci\u00f3n una prioridad!<\/p>\n\n\n\n<h3 class=\"wp-block-heading\">Equipos de Protecci\u00f3n Personal (EPP): Escudo contra Riesgos Biol\u00f3gicos<\/h3>\n\n\n\n<p>En entornos donde los riesgos biol\u00f3gicos est\u00e1n presentes, los EPP desempe\u00f1an un papel vital al brindar una barrera f\u00edsica entre el trabajador y los agentes pat\u00f3genos.<\/p>\n\n\n\n<p>Algunos ejemplos de EPP esenciales en la protecci\u00f3n contra riesgos biol\u00f3gicos incluyen:<\/p>\n\n\n\n<div class=\"wp-block-columns is-layout-flex wp-container-core-columns-is-layout-9d6595d7 wp-block-columns-is-layout-flex\">\n<div class=\"wp-block-column is-vertically-aligned-center is-layout-flow wp-block-column-is-layout-flow\"><div class=\"wp-block-image\">\n<figure class=\"aligncenter size-full\"><img loading=\"lazy\" decoding=\"async\" width=\"190\" height=\"190\" src=\"https:\/\/www.enecon.net.co\/web\/wp-content\/uploads\/2023\/08\/Enecon_11-08-2023_Reto-yes-traje.png\" alt=\"\" class=\"wp-image-2348\" srcset=\"https:\/\/www.enecon.net.co\/web\/wp-content\/uploads\/2023\/08\/Enecon_11-08-2023_Reto-yes-traje.png 190w, https:\/\/www.enecon.net.co\/web\/wp-content\/uploads\/2023\/08\/Enecon_11-08-2023_Reto-yes-traje-150x150.png 150w\" sizes=\"auto, (max-width: 190px) 100vw, 190px\" \/><\/figure>\n<\/div>\n\n\n<p class=\"has-text-align-center\">Batas de protecci\u00f3n<\/p>\n<\/div>\n\n\n\n<div class=\"wp-block-column is-vertically-aligned-center is-layout-flow wp-block-column-is-layout-flow\"><div class=\"wp-block-image\">\n<figure class=\"aligncenter size-full\"><img loading=\"lazy\" decoding=\"async\" width=\"190\" height=\"190\" src=\"https:\/\/www.enecon.net.co\/web\/wp-content\/uploads\/2023\/08\/Enecon_11-08-2023_Reto-yes-mascarilla.png\" alt=\"\" class=\"wp-image-2349\" srcset=\"https:\/\/www.enecon.net.co\/web\/wp-content\/uploads\/2023\/08\/Enecon_11-08-2023_Reto-yes-mascarilla.png 190w, https:\/\/www.enecon.net.co\/web\/wp-content\/uploads\/2023\/08\/Enecon_11-08-2023_Reto-yes-mascarilla-150x150.png 150w\" sizes=\"auto, (max-width: 190px) 100vw, 190px\" \/><\/figure>\n<\/div>\n\n\n<p class=\"has-text-align-center\">Mascarillas respiratorias<\/p>\n<\/div>\n<\/div>\n\n\n\n<div class=\"wp-block-columns is-layout-flex wp-container-core-columns-is-layout-9d6595d7 wp-block-columns-is-layout-flex\">\n<div class=\"wp-block-column is-vertically-aligned-center is-layout-flow wp-block-column-is-layout-flow\"><div class=\"wp-block-image\">\n<figure class=\"aligncenter size-full\"><img loading=\"lazy\" decoding=\"async\" width=\"190\" height=\"190\" src=\"https:\/\/www.enecon.net.co\/web\/wp-content\/uploads\/2023\/08\/Enecon_11-08-2023_Reto-yes-guantes.png\" alt=\"\" class=\"wp-image-2350\" srcset=\"https:\/\/www.enecon.net.co\/web\/wp-content\/uploads\/2023\/08\/Enecon_11-08-2023_Reto-yes-guantes.png 190w, https:\/\/www.enecon.net.co\/web\/wp-content\/uploads\/2023\/08\/Enecon_11-08-2023_Reto-yes-guantes-150x150.png 150w\" sizes=\"auto, (max-width: 190px) 100vw, 190px\" \/><\/figure>\n<\/div>\n\n\n<p class=\"has-text-align-center\">Guantes<\/p>\n<\/div>\n\n\n\n<div class=\"wp-block-column is-vertically-aligned-center is-layout-flow wp-block-column-is-layout-flow\"><div class=\"wp-block-image\">\n<figure class=\"aligncenter size-full\"><img loading=\"lazy\" decoding=\"async\" width=\"190\" height=\"190\" src=\"https:\/\/www.enecon.net.co\/web\/wp-content\/uploads\/2023\/08\/Enecon_11-08-2023_Reto-yes-bullers-gafas.png\" alt=\"\" class=\"wp-image-2351\" srcset=\"https:\/\/www.enecon.net.co\/web\/wp-content\/uploads\/2023\/08\/Enecon_11-08-2023_Reto-yes-bullers-gafas.png 190w, https:\/\/www.enecon.net.co\/web\/wp-content\/uploads\/2023\/08\/Enecon_11-08-2023_Reto-yes-bullers-gafas-150x150.png 150w\" sizes=\"auto, (max-width: 190px) 100vw, 190px\" \/><\/figure>\n<\/div>\n\n\n<p class=\"has-text-align-center\">Gafas de seguridad<\/p>\n<\/div>\n<\/div>\n\n\n\n<h4 class=\"wp-block-heading has-text-align-left\">\u00a1Equ\u00edpate correctamente, cuida de ti y gana seguridad! Usa los EPP adecuados y fomenta la cultura del autocuidado en cada paso<\/h4>\n\n\n\n<figure class=\"wp-block-image size-large\"><img loading=\"lazy\" decoding=\"async\" width=\"1024\" height=\"550\" src=\"https:\/\/www.enecon.net.co\/web\/wp-content\/uploads\/2023\/08\/Enecon_11-08-2023_Reto-yesriesgo-biologico-2-1024x550.png\" alt=\"\" class=\"wp-image-2353\" srcset=\"https:\/\/www.enecon.net.co\/web\/wp-content\/uploads\/2023\/08\/Enecon_11-08-2023_Reto-yesriesgo-biologico-2-1024x550.png 1024w, https:\/\/www.enecon.net.co\/web\/wp-content\/uploads\/2023\/08\/Enecon_11-08-2023_Reto-yesriesgo-biologico-2-300x161.png 300w, https:\/\/www.enecon.net.co\/web\/wp-content\/uploads\/2023\/08\/Enecon_11-08-2023_Reto-yesriesgo-biologico-2-768x412.png 768w, https:\/\/www.enecon.net.co\/web\/wp-content\/uploads\/2023\/08\/Enecon_11-08-2023_Reto-yesriesgo-biologico-2.png 1201w\" sizes=\"auto, (max-width: 1024px) 100vw, 1024px\" \/><\/figure>\n\n\n\n<h2 class=\"wp-block-heading has-text-align-center\">#NOTERASGUES<\/h2>\n\n\n\n<div class=\"wp-block-columns is-layout-flex wp-container-core-columns-is-layout-9d6595d7 wp-block-columns-is-layout-flex\">\n<div class=\"wp-block-column is-layout-flow wp-block-column-is-layout-flow\"><div class=\"wp-block-image\">\n<figure class=\"alignleft size-full is-resized\"><a href=\"https:\/\/www.facebook.com\/eneconsas\" target=\"_blank\" rel=\"noopener\"><img loading=\"lazy\" decoding=\"async\" width=\"130\" height=\"130\" src=\"https:\/\/www.enecon.net.co\/web\/wp-content\/uploads\/2024\/09\/icono-face-1.png\" alt=\"\" class=\"wp-image-3365\" style=\"width:68px;height:auto\"\/><\/a><\/figure>\n<\/div><\/div>\n\n\n\n<div class=\"wp-block-column is-layout-flow wp-block-column-is-layout-flow\"><div class=\"wp-block-image\">\n<figure class=\"alignleft size-full is-resized\"><a href=\"https:\/\/www.instagram.com\/eneconsas\/ \" target=\"_blank\" rel=\"noopener\"><img loading=\"lazy\" decoding=\"async\" width=\"130\" height=\"130\" src=\"https:\/\/www.enecon.net.co\/web\/wp-content\/uploads\/2024\/09\/icono-insta-1.png\" alt=\"\" class=\"wp-image-3368\" style=\"width:68px;height:auto\"\/><\/a><\/figure>\n<\/div><\/div>\n\n\n\n<div class=\"wp-block-column is-layout-flow wp-block-column-is-layout-flow\"><div class=\"wp-block-image\">\n<figure class=\"alignleft size-full is-resized\"><a href=\"https:\/\/www.linkedin.com\/company\/40655434\/admin\/page-posts\/published\/ \" target=\"_blank\" rel=\"noopener\"><img loading=\"lazy\" decoding=\"async\" width=\"130\" height=\"130\" src=\"https:\/\/www.enecon.net.co\/web\/wp-content\/uploads\/2024\/09\/icono-linkd-1.png\" alt=\"\" class=\"wp-image-3369\" style=\"width:72px;height:auto\"\/><\/a><\/figure>\n<\/div><\/div>\n\n\n\n<div class=\"wp-block-column is-layout-flow wp-block-column-is-layout-flow\"><div class=\"wp-block-image\">\n<figure class=\"alignleft size-full is-resized\"><a href=\"https:\/\/www.youtube.com\/@enecons.a.s9462  \" target=\"_blank\" rel=\"noopener\"><img loading=\"lazy\" decoding=\"async\" width=\"130\" height=\"129\" src=\"https:\/\/www.enecon.net.co\/web\/wp-content\/uploads\/2024\/09\/icono-yt.png\" alt=\"\" class=\"wp-image-3370\" style=\"width:66px;height:auto\"\/><\/a><\/figure>\n<\/div><\/div>\n<\/div>\n\n\n\n<div style=\"height:25px\" aria-hidden=\"true\" class=\"wp-block-spacer\"><\/div>\n\n\n\n<figure class=\"wp-block-image size-large\"><img loading=\"lazy\" decoding=\"async\" width=\"1024\" height=\"369\" src=\"https:\/\/www.enecon.net.co\/web\/wp-content\/uploads\/2023\/07\/Enecon-Reto-YES-adiccion-drogas-y-alcohol-1-2-1024x369.jpg\" alt=\"Reto Yes enecon persona de frente colaborador\" class=\"wp-image-1893\" srcset=\"https:\/\/www.enecon.net.co\/web\/wp-content\/uploads\/2023\/07\/Enecon-Reto-YES-adiccion-drogas-y-alcohol-1-2-1024x369.jpg 1024w, https:\/\/www.enecon.net.co\/web\/wp-content\/uploads\/2023\/07\/Enecon-Reto-YES-adiccion-drogas-y-alcohol-1-2-300x108.jpg 300w, https:\/\/www.enecon.net.co\/web\/wp-content\/uploads\/2023\/07\/Enecon-Reto-YES-adiccion-drogas-y-alcohol-1-2-768x277.jpg 768w, https:\/\/www.enecon.net.co\/web\/wp-content\/uploads\/2023\/07\/Enecon-Reto-YES-adiccion-drogas-y-alcohol-1-2.jpg 1200w\" sizes=\"auto, (max-width: 1024px) 100vw, 1024px\" \/><\/figure>\n","protected":false},"excerpt":{"rendered":"<p>\u00bfC\u00f3mo cuidarte contra riesgos biol\u00f3gicos en tu trabajo? Pero, \u00bfQu\u00e9 es un riesgo biol\u00f3gico? Los riesgos biol\u00f3gicos son aquellos asociados con la exposici\u00f3n a agentes biol\u00f3gicos, como bacterias, virus, hongos y otros microorganismos que pueden causar enfermedades en seres humanos. Estos agentes se encuentran presentes en diversas actividades laborales, incluyendo la atenci\u00f3n m\u00e9dica, la investigaci\u00f3n [&hellip;]<\/p>\n","protected":false},"author":1,"featured_media":2358,"comment_status":"closed","ping_status":"closed","sticky":false,"template":"","format":"standard","meta":{"content-type":"","_joinchat":[],"footnotes":""},"categories":[48],"tags":[],"class_list":["post-2240","post","type-post","status-publish","format-standard","has-post-thumbnail","hentry","category-restoyes"],"_links":{"self":[{"href":"https:\/\/www.enecon.net.co\/web\/wp-json\/wp\/v2\/posts\/2240","targetHints":{"allow":["GET"]}}],"collection":[{"href":"https:\/\/www.enecon.net.co\/web\/wp-json\/wp\/v2\/posts"}],"about":[{"href":"https:\/\/www.enecon.net.co\/web\/wp-json\/wp\/v2\/types\/post"}],"author":[{"embeddable":true,"href":"https:\/\/www.enecon.net.co\/web\/wp-json\/wp\/v2\/users\/1"}],"replies":[{"embeddable":true,"href":"https:\/\/www.enecon.net.co\/web\/wp-json\/wp\/v2\/comments?post=2240"}],"version-history":[{"count":13,"href":"https:\/\/www.enecon.net.co\/web\/wp-json\/wp\/v2\/posts\/2240\/revisions"}],"predecessor-version":[{"id":3401,"href":"https:\/\/www.enecon.net.co\/web\/wp-json\/wp\/v2\/posts\/2240\/revisions\/3401"}],"wp:featuredmedia":[{"embeddable":true,"href":"https:\/\/www.enecon.net.co\/web\/wp-json\/wp\/v2\/media\/2358"}],"wp:attachment":[{"href":"https:\/\/www.enecon.net.co\/web\/wp-json\/wp\/v2\/media?parent=2240"}],"wp:term":[{"taxonomy":"category","embeddable":true,"href":"https:\/\/www.enecon.net.co\/web\/wp-json\/wp\/v2\/categories?post=2240"},{"taxonomy":"post_tag","embeddable":true,"href":"https:\/\/www.enecon.net.co\/web\/wp-json\/wp\/v2\/tags?post=2240"}],"curies":[{"name":"wp","href":"https:\/\/api.w.org\/{rel}","templated":true}]}}